{"id":33428,"date":"2026-03-08T22:15:09","date_gmt":"2026-03-08T22:15:09","guid":{"rendered":"https:\/\/www.europesays.com\/at\/33428\/"},"modified":"2026-03-08T22:15:09","modified_gmt":"2026-03-08T22:15:09","slug":"lask-beendet-grunddurchgang-mit-heimsieg-ueber-wac","status":"publish","type":"post","link":"https:\/\/www.europesays.com\/at\/33428\/","title":{"rendered":"LASK beendet Grunddurchgang mit Heimsieg \u00fcber WAC"},"content":{"rendered":"<p>Zum Abschluss des Grunddurchgangs der ADMIRAL Bundesliga feiert der <a href=\"https:\/\/www.laola1.at\/de\/daten\/news\/fussball\/lask\/\" class=\"tag\" rel=\"nofollow noopener\" target=\"_blank\">LASK<\/a> einen 3:1-Heimsieg \u00fcber den <a href=\"https:\/\/www.laola1.at\/de\/daten\/news\/fussball\/wolfsberger-ac\/\" class=\"tag\" rel=\"nofollow noopener\" target=\"_blank\">Wolfsberger AC<\/a>. Damit beenden die Linzer ihre f\u00fcnf Ligaspiele andauernde Durststrecke gegen die Lavanttaler.<\/p>\n<p><a target=\"_blank\" rel=\"noopener noreferrer nofollow\" href=\"https:\/\/www.laola1.at\/de\/red\/fussball\/bundesliga\/news\/die-bundesliga-tabelle-nach-der-punkteteilung\/\">Zur Tabelle nach der Punkteteilung &gt;&gt;&gt;<\/a><\/p>\n<p>Der <a href=\"https:\/\/www.laola1.at\/de\/daten\/news\/fussball\/lask\/\" class=\"tag\" rel=\"nofollow noopener\" target=\"_blank\">LASK<\/a> ist in der Anfangsphase klar \u00fcberlegen, doch Andrade nach herrlichem Solo (8.) und Usor per Seitfallzieher (9.) scheitern an WAC-Schlussmann Polster. Danach entwickelt sich ein offener Schlagabtausch.<\/p>\n<p>Baumgartner mit der raschen Antwort<\/p>\n<p>In Minute 38 besorgt Adeniran mit einem wuchtigen Schuss aus der Drehung die F\u00fchrung f\u00fcr den <a href=\"https:\/\/www.laola1.at\/de\/daten\/news\/fussball\/lask\/\" class=\"tag\" rel=\"nofollow noopener\" target=\"_blank\">LASK<\/a>. Doch die G\u00e4ste haben die schnelle Antwort parat: Nach einem Eckball steigt WAC-Kapit\u00e4n Baumgartner am h\u00f6chsten und nickt zum 1:1 ein.<\/p>\n<p>In Halbzeit zwei investiert der <a href=\"https:\/\/www.laola1.at\/de\/daten\/news\/fussball\/lask\/\" class=\"tag\" rel=\"nofollow noopener\" target=\"_blank\">LASK<\/a> mehr in die Offensive und wird daf\u00fcr mit dem 2:1 durch J\u00f6rgensen belohnt. Der D\u00e4ne nickt einen langen Einwurf von Usor zur F\u00fchrung ein (69.).<\/p>\n<p>Auf die Topchance von Sch\u00f6pf auf den Ausgleich, der nur die Stange trifft, folgt das 3:1 durch Entrup (90.+3).<\/p>\n<p>Der <a href=\"https:\/\/www.laola1.at\/de\/daten\/news\/fussball\/lask\/\" class=\"tag\" rel=\"nofollow noopener\" target=\"_blank\">LASK<\/a> beendet den Grunddurchgang damit auf Rang drei (37), der WAC ist Zehnter und damit nur in der Quali-Gruppe vertreten.<\/p>\n","protected":false},"excerpt":{"rendered":"Zum Abschluss des Grunddurchgangs der ADMIRAL Bundesliga feiert der LASK einen 3:1-Heimsieg \u00fcber den Wolfsberger AC. Damit beenden&hellip;\n","protected":false},"author":2,"featured_media":33429,"comment_status":"","ping_status":"","sticky":false,"template":"","format":"standard","meta":{"footnotes":"","_share_on_mastodon":"0"},"categories":[18],"tags":[1069,46,42,4267,15326,964,14500,15325,2356,15328,44,15327,109,108,9737],"class_list":["post-33428","post","type-post","status-publish","format-standard","has-post-thumbnail","category-sport","tag-admiral-bundesliga","tag-at","tag-austria","tag-dietmar-kuehbauer","tag-dominik-baumgartner","tag-fussball","tag-ismail-atalan","tag-kasper-joergensen","tag-lask","tag-maximilian-entrup","tag-oesterreich","tag-samuel-adeniran","tag-sport","tag-sports","tag-wolfsberger-ac"],"share_on_mastodon":{"url":"https:\/\/pubeurope.com\/@at\/116195867043800074","error":""},"_links":{"self":[{"href":"https:\/\/www.europesays.com\/at\/wp-json\/wp\/v2\/posts\/33428","targetHints":{"allow":["GET"]}}],"collection":[{"href":"https:\/\/www.europesays.com\/at\/wp-json\/wp\/v2\/posts"}],"about":[{"href":"https:\/\/www.europesays.com\/at\/wp-json\/wp\/v2\/types\/post"}],"author":[{"embeddable":true,"href":"https:\/\/www.europesays.com\/at\/wp-json\/wp\/v2\/users\/2"}],"replies":[{"embeddable":true,"href":"https:\/\/www.europesays.com\/at\/wp-json\/wp\/v2\/comments?post=33428"}],"version-history":[{"count":0,"href":"https:\/\/www.europesays.com\/at\/wp-json\/wp\/v2\/posts\/33428\/revisions"}],"wp:featuredmedia":[{"embeddable":true,"href":"https:\/\/www.europesays.com\/at\/wp-json\/wp\/v2\/media\/33429"}],"wp:attachment":[{"href":"https:\/\/www.europesays.com\/at\/wp-json\/wp\/v2\/media?parent=33428"}],"wp:term":[{"taxonomy":"category","embeddable":true,"href":"https:\/\/www.europesays.com\/at\/wp-json\/wp\/v2\/categories?post=33428"},{"taxonomy":"post_tag","embeddable":true,"href":"https:\/\/www.europesays.com\/at\/wp-json\/wp\/v2\/tags?post=33428"}],"curies":[{"name":"wp","href":"https:\/\/api.w.org\/{rel}","templated":true}]}}