{"id":334418,"date":"2026-08-14T20:28:12","date_gmt":"2026-08-14T20:28:12","guid":{"rendered":"https:\/\/www.europesays.com\/at\/334418\/"},"modified":"2026-08-14T20:28:12","modified_gmt":"2026-08-14T20:28:12","slug":"nach-all-den-jahren-gzsz-zu-verlassen-war-nicht-meine-entscheidung","status":"publish","type":"post","link":"https:\/\/www.europesays.com\/at\/334418\/","title":{"rendered":"Nach all den Jahren GZSZ zu verlassen, war nicht meine Entscheidung"},"content":{"rendered":"<p>\nMaria Wedig\n<\/p>\n<p>Aktualisiert am 14.08.2026, 20:30 Uhr\n<\/p>\n<p><img loading=\"lazy\" decoding=\"async\" src=\"https:\/\/www.europesays.com\/at\/wp-content\/uploads\/2026\/08\/42612622,pd=1,f=responsive169-w950.jpg\" alt=\"\" width=\"950\" height=\"534\"\/><\/p>\n<p>\u00a9 BUNTE<\/p>\n<p class=\"content__description\" data-speakable=\"\">Schauspielerin Maria Wedig stand neun Jahre lang als Nina Ahrens vor der GZSZ-Kamera. Am 13. August war damit Schluss \u2013 doch der Abschied ging nicht von ihr aus. Nun \u00e4u\u00dfert sich Wedig erstmals ausf\u00fchrlich zu den Umst\u00e4nden ihres Ausscheidens.<\/p>\n<p data-speakable=\"\">Nach neun Jahren als Nina Ahrens bei &#8222;Gute Zeiten, schlechte Zeiten&#8220; hatte Schauspielerin Maria Wedig am 13. August ihren letzten Auftritt in der RTL-Daily. Dass es so kommen w\u00fcrde, hatte sie bereits Monate zuvor erfahren \u2013 allerdings kam der Abschied nicht auf ihren eigenen Wunsch. <a target=\"_blank\" data-brain-zone=\".42612772.content.textlink_1\" data-component-path=\"content.textlink_1\" data-component-name=\"link.external\" rel=\"noopener nofollow\" href=\"https:\/\/plus.rtl.de\/muttivierend-ehrlich-p_16499\/audio\/folge-96-gute-zeiten-schlechte-zeiten-i-maria-uber-ihren-abschied-c_2084810?msockid=0716f3c2cb7b6446200ae4b4ca6b65e2\">Im Podcast &#8222;Muttivierend&#8220;<\/a> mit ihrer GZSZ-Kollegin Olivia Marei schilderte Wedig nun detailliert, wie sie von ihrem Aus erfuhr und was die vergangenen Monate mit ihr gemacht haben.<\/p>\n<p data-speakable=\"\">&#8222;Man ist immer selber gerne diejenige, die sagt: &#8218;Ich mache Schluss.&#8216; Und wenn dann aber gesagt wird: &#8218;Nee, wir machen jetzt Schluss&#8216;, dann ist das erstmal ein richtig bl\u00f6des Gef\u00fchl&#8220;, erkl\u00e4rte Wedig. Im November des vergangenen Jahres sei sie zu einem Gespr\u00e4ch gebeten worden, bei dem ihr mitgeteilt worden sei, dass ihr Vertrag nicht verl\u00e4ngert werde. &#8222;Es ist ein Schock gewesen&#8220;, so die Schauspielerin. Ihr Vertrag lief schlie\u00dflich im Mai aus, der 29. Mai war zugleich ihr letzter Arbeits- und Vertragstag.<\/p>\n<p>Maria Wedig: &#8222;In meiner Vorstellung w\u00e4re ich gerne noch geblieben&#8220;<\/p>\n<p data-speakable=\"\">Sie selbst sei &#8222;gerne noch geblieben&#8220;, r\u00e4umte die 42-J\u00e4hrige ein. &#8222;Ob das jetzt sinnvoll gewesen w\u00e4re oder nicht, wei\u00df ich gar nicht. Kann ich auch nicht beurteilen. Aber manchmal werden einem vom Leben Entscheidungen abgenommen.&#8220;<\/p>\n<p data-speakable=\"\">Auch mit dem Abgang ihrer Figur hadert Wedig. F\u00fcr Nina Ahrens h\u00e4tte sie sich ein anderes Finale gew\u00fcnscht: &#8222;Es w\u00e4re doch auch sch\u00f6n gewesen, wenn sie in den Bus gestiegen w\u00e4re und w\u00e4re irgendwo anders hingegangen \u2013 oder sie w\u00e4re den Serientod gestorben.&#8220; Stattdessen sei das Ende &#8222;k\u00f6rperlich und emotional sehr anstrengend&#8220; gewesen. Die letzten sechs Monate habe sie nicht mehr mit der gleichen Freude zur Arbeit gehen k\u00f6nnen wie in den Jahren zuvor.<\/p>\n<p data-speakable=\"\">Zugleich blickt die Schauspielerin mit Unsicherheit in die Zukunft. &#8222;Die Jobs liegen nicht auf der Stra\u00dfe. Und ich bin heute auch nicht mehr 25&#8220;, sagte sie. &#8222;Das ist ja auch eine Sache: Du steigst an einem Moment in deinem Leben aus, wo man eigentlich denkt: &#8218;Jetzt ist eigentlich alles ganz sicher, in einem guten Fahrwasser.'&#8220;<\/p>\n<p>Maria Wedig: &#8222;Nach all den Jahren GZSZ zu verlassen, war nicht meine Entscheidung&#8220;<\/p>\n<p data-speakable=\"\">Parallel zum Podcast-Gespr\u00e4ch wandte sich Wedig am 12. August auch auf <a data-component-name=\"link.semantic\" data-brain-zone=\".42612772.content.textlink_2\" data-component-path=\"content.textlink_2\" href=\"https:\/\/www.gmx.at\/magazine\/unterhaltung\/thema\/instagram\" rel=\"nofollow noopener\" target=\"_blank\">Instagram<\/a> an ihre Fans. &#8222;Nach all den Jahren <a data-component-name=\"link.semantic\" data-brain-zone=\".42612772.content.textlink_3\" data-component-path=\"content.textlink_3\" href=\"https:\/\/www.gmx.at\/magazine\/unterhaltung\/filme-serien-kino\/gzsz\/\" rel=\"nofollow noopener\" target=\"_blank\">GZSZ<\/a> zu verlassen, war nicht meine Entscheidung. Und ja \u2013 das macht mich sehr traurig&#8220;, schrieb sie dort. Die vergangenen Monate beschrieb sie als &#8222;Rollercoaster der Gef\u00fchle&#8220; und erkl\u00e4rte, deshalb lange keine passenden Worte f\u00fcr eine Stellungnahme gefunden zu haben.<\/p>\n<p data-speakable=\"\">In dem Beitrag richtete Wedig pers\u00f6nliche Dankesworte an ihre Kolleginnen und Kollegen \u2013 darunter Nina Ensmann, Marc Weinmann und Olivia Marei. Besonders an Marei gewandt fragte sie: &#8222;Was f\u00fcr ein Ende haben sie uns da gegeben?! Was. F\u00fcr. Ein. Ritt.&#8220; Auch ihren Regisseurinnen, Regisseuren und Schauspielcoaches dankte sie daf\u00fcr, sie aufgefangen und bis zum Schluss unterst\u00fctzt zu haben.<\/p>\n<p>Empfehlungen der Redaktion<\/p>\n<p data-speakable=\"\">Trotz aller Trauer sei da aber &#8222;auch unglaublich viel Dankbarkeit und Stolz&#8220;, so die 42-J\u00e4hrige. &#8222;Ich gehe mit erhobenem Kopf, einem Herzen voller Erinnerungen und dem Wissen, dass wir bis zur letzten Szene alles gegeben haben&#8220;, schrieb sie. Im Podcast erg\u00e4nzte sie, stolz darauf zu sein, bis zum letzten Drehtag professionell geblieben zu sein und &#8222;keine verbrannte Erde hinterlassen&#8220; zu haben. Ihren Abschied von der Rolle beendete sie mit den Worten: &#8222;Mach&#8217;s gut, Nina. Ich werde dich vermissen. Sehr.&#8220; (red)<\/p>\n<p>Verwendete Quellen <\/p>\n<p>\nTeaserbild: \u00a9 RTL<\/p>\n","protected":false},"excerpt":{"rendered":"Maria Wedig Aktualisiert am 14.08.2026, 20:30 Uhr \u00a9 BUNTE Schauspielerin Maria Wedig stand neun Jahre lang als Nina&hellip;\n","protected":false},"author":2,"featured_media":334419,"comment_status":"","ping_status":"","sticky":false,"template":"","format":"standard","meta":{"footnotes":"","_share_on_mastodon":"0"},"categories":[25],"tags":[46,42,147,238,958,85936,86114,86115,44,156,155,148],"class_list":["post-334418","post","type-post","status-publish","format-standard","has-post-thumbnail","category-serien","tag-at","tag-austria","tag-entertainment","tag-gzsz","tag-instagram","tag-maria-wedig","tag-nina-ahrens","tag-olivia-marei","tag-oesterreich","tag-serien","tag-series","tag-unterhaltung"],"share_on_mastodon":{"url":"https:\/\/pubeurope.com\/@at\/117095754149077774","error":""},"_links":{"self":[{"href":"https:\/\/www.europesays.com\/at\/wp-json\/wp\/v2\/posts\/334418","targetHints":{"allow":["GET"]}}],"collection":[{"href":"https:\/\/www.europesays.com\/at\/wp-json\/wp\/v2\/posts"}],"about":[{"href":"https:\/\/www.europesays.com\/at\/wp-json\/wp\/v2\/types\/post"}],"author":[{"embeddable":true,"href":"https:\/\/www.europesays.com\/at\/wp-json\/wp\/v2\/users\/2"}],"replies":[{"embeddable":true,"href":"https:\/\/www.europesays.com\/at\/wp-json\/wp\/v2\/comments?post=334418"}],"version-history":[{"count":0,"href":"https:\/\/www.europesays.com\/at\/wp-json\/wp\/v2\/posts\/334418\/revisions"}],"wp:featuredmedia":[{"embeddable":true,"href":"https:\/\/www.europesays.com\/at\/wp-json\/wp\/v2\/media\/334419"}],"wp:attachment":[{"href":"https:\/\/www.europesays.com\/at\/wp-json\/wp\/v2\/media?parent=334418"}],"wp:term":[{"taxonomy":"category","embeddable":true,"href":"https:\/\/www.europesays.com\/at\/wp-json\/wp\/v2\/categories?post=334418"},{"taxonomy":"post_tag","embeddable":true,"href":"https:\/\/www.europesays.com\/at\/wp-json\/wp\/v2\/tags?post=334418"}],"curies":[{"name":"wp","href":"https:\/\/api.w.org\/{rel}","templated":true}]}}