{"id":335899,"date":"2026-08-15T15:10:11","date_gmt":"2026-08-15T15:10:11","guid":{"rendered":"https:\/\/www.europesays.com\/at\/335899\/"},"modified":"2026-08-15T15:10:11","modified_gmt":"2026-08-15T15:10:11","slug":"tuerkischer-klub-wohl-mit-interesse-an-rapid-verteidiger","status":"publish","type":"post","link":"https:\/\/www.europesays.com\/at\/335899\/","title":{"rendered":"T\u00fcrkischer Klub wohl mit Interesse an Rapid-Verteidiger"},"content":{"rendered":"<p>Samsunspor zeigt offenbar Interesse an Nenad Cvetkovic vom <a href=\"https:\/\/www.laola1.at\/de\/daten\/news\/fussball\/sk-rapid-wien\/\" class=\"tag\" rel=\"nofollow noopener\" target=\"_blank\">SK Rapid<\/a>.<\/p>\n<p>Das schreibt Peter Linden in seinem Blog. Demnach k\u00f6nnte der Fan-Liebling H\u00fctteldorf verlassen, sollte sich der siebte der letztj\u00e4hrigen S\u00fcper-Lig-Saison bereit erkl\u00e4ren, einen Betrag in Millionenh\u00f6he zu \u00fcberweisen. Cvetkovic hat bei Rapid noch einen Vertrag bis Sommer 2028.<\/p>\n<p>Die Gr\u00fcn-Wei\u00dfen haben in der Vergangenheit bereits Gesch\u00e4fte mit Samsunspor abgeschlossen. <a href=\"https:\/\/www.laola1.at\/de\/daten\/news\/ercan-kara\/\" class=\"tag\" rel=\"nofollow noopener\" target=\"_blank\">Ercan Kara<\/a> wurde von dem t\u00fcrkischen Verein zuerst verliehen und anschlie\u00dfend f\u00fcr 350.000 Euro fix an Rapid verkauft.<\/p>\n<p>Bei Samsunspor sitzt aktuell jemand mit Bundesliga-Bezug auf der Trainerbank. Thorsten Fink war von 2015 bis 2018 Trainer bei Austria Wien.<\/p>\n","protected":false},"excerpt":{"rendered":"Samsunspor zeigt offenbar Interesse an Nenad Cvetkovic vom SK Rapid. Das schreibt Peter Linden in seinem Blog. Demnach&hellip;\n","protected":false},"author":2,"featured_media":335900,"comment_status":"","ping_status":"","sticky":false,"template":"","format":"standard","meta":{"footnotes":"","_share_on_mastodon":"0"},"categories":[18],"tags":[1069,46,42,964,43340,44,41243,109,108,35033,1877],"class_list":["post-335899","post","type-post","status-publish","format-standard","has-post-thumbnail","category-sport","tag-admiral-bundesliga","tag-at","tag-austria","tag-fussball","tag-nenad-cvetkovic","tag-oesterreich","tag-samsunspor","tag-sport","tag-sports","tag-thorsten-fink","tag-transfermarkt"],"share_on_mastodon":{"url":"https:\/\/pubeurope.com\/@at\/117100165494712647","error":""},"_links":{"self":[{"href":"https:\/\/www.europesays.com\/at\/wp-json\/wp\/v2\/posts\/335899","targetHints":{"allow":["GET"]}}],"collection":[{"href":"https:\/\/www.europesays.com\/at\/wp-json\/wp\/v2\/posts"}],"about":[{"href":"https:\/\/www.europesays.com\/at\/wp-json\/wp\/v2\/types\/post"}],"author":[{"embeddable":true,"href":"https:\/\/www.europesays.com\/at\/wp-json\/wp\/v2\/users\/2"}],"replies":[{"embeddable":true,"href":"https:\/\/www.europesays.com\/at\/wp-json\/wp\/v2\/comments?post=335899"}],"version-history":[{"count":0,"href":"https:\/\/www.europesays.com\/at\/wp-json\/wp\/v2\/posts\/335899\/revisions"}],"wp:featuredmedia":[{"embeddable":true,"href":"https:\/\/www.europesays.com\/at\/wp-json\/wp\/v2\/media\/335900"}],"wp:attachment":[{"href":"https:\/\/www.europesays.com\/at\/wp-json\/wp\/v2\/media?parent=335899"}],"wp:term":[{"taxonomy":"category","embeddable":true,"href":"https:\/\/www.europesays.com\/at\/wp-json\/wp\/v2\/categories?post=335899"},{"taxonomy":"post_tag","embeddable":true,"href":"https:\/\/www.europesays.com\/at\/wp-json\/wp\/v2\/tags?post=335899"}],"curies":[{"name":"wp","href":"https:\/\/api.w.org\/{rel}","templated":true}]}}