{"id":335959,"date":"2026-08-15T15:59:17","date_gmt":"2026-08-15T15:59:17","guid":{"rendered":"https:\/\/www.europesays.com\/at\/335959\/"},"modified":"2026-08-15T15:59:17","modified_gmt":"2026-08-15T15:59:17","slug":"tuerkischer-klub-von-ex-austria-wien-coach-fink-an-sk-rapid-profi-interessiert","status":"publish","type":"post","link":"https:\/\/www.europesays.com\/at\/335959\/","title":{"rendered":"T\u00fcrkischer Klub von Ex-Austria Wien-Coach Fink an SK Rapid-Profi interessiert?"},"content":{"rendered":"<p>\t\t\t\t\t\t\t\t\t\t\t\t\t\t\t <img decoding=\"async\" src=\"https:\/\/www.europesays.com\/at\/wp-content\/uploads\/2026\/08\/1786809555_820_rapid-wien.png\" alt=\"\"\/> <\/p>\n<p>\t\t\t\t\t\t\t\t\t\t\t\t\t\t\t <img decoding=\"async\" src=\"https:\/\/www.europesays.com\/at\/wp-content\/uploads\/2026\/08\/club-3055-large.png\" alt=\"\"\/> <\/p>\n<p>Der t\u00fcrkische Erstligist Samsunspor um Cheftrainer Thorsten Fink, der 58-j\u00e4hrige Deutsche war von Sommer 2015 bis Ende Februar 2018 in 130 Pflichtpartien Coach der <a href=\"https:\/\/ticker.ligaportal.at\/mannschaft\/1721\/austria-wien\" rel=\"nofollow noopener\" target=\"_blank\">Wiener Austria<\/a>, soll ein Auge auf Nenad Cvetkovi\u0107 vom<a href=\"https:\/\/ticker.ligaportal.at\/mannschaft\/1724\/rapid-wien\" rel=\"nofollow noopener\" target=\"_blank\"> SK Rapid<\/a> geworfen haben. Das berichtet Journalist Peter Linden in seinem Blog. Demnach k\u00f6nnte ein Abschied des 30-j\u00e4hrigen Innenverteidigers aus H\u00fctteldorf zum Thema werden, sofern Samsunspor bereit ist, eine Abl\u00f6sesumme in Millionenh\u00f6he zu investieren.<\/p>\n<p><img decoding=\"async\" src=\"https:\/\/www.europesays.com\/at\/wp-content\/uploads\/2026\/08\/cvetkovic-vs-greil-sk-rapid-vs-scr-altach-02-08-26-gepa-admiral-pumann.jpg\" alt=\"\"\/><\/p>\n<p>Seit drei Jahren absolute St\u00fctze im Defensivverbund des SK Rapid:\u00a0Nenad Cvetkovi\u0107. Hier beim Bundesliga-Auftakt der neuen Saison 2026\/27 gegen Patrick Greil im Heimspiel gegen den SCR Altach (1:0).<\/p>\n<p>Bereits Transfergesch\u00e4fte mit Samsunspor<\/p>\n<p class=\"isSelectedEnd\">Nenad Cvetkovi\u0107 ist beim SK Rapid noch langfristig gebunden: Sein Vertrag l\u00e4uft bis Sommer 2028. Der beidf\u00fcssige Abwehrspieler ist seit drei Jahren bei den H\u00fctteldorfern und absolvierte seither bewerbs\u00fcbergreifend 95 Pflichtpartien f\u00fcr den \u00f6sterreichischen Rekordmeister. Dabei gelangen dem 1,95-Meter-Mann sechs Tore und drei Assists.<\/p>\n<p>Die Wiener sollen einem m\u00f6glichen Transfer dem Vernehmen nach nicht grunds\u00e4tzlich ablehnend gegen\u00fcberstehen.<\/p>\n<p class=\"isSelectedEnd\">Zwischen Rapid und Samsunspor gab es in der Vergangenheit bereits einen Spielertausch. Ercan Kara wechselte zun\u00e4chst leihweise zum t\u00fcrkischen Klub, ehe Samsunspor den Angreifer anschlie\u00dfend f\u00fcr 350.000 Euro fix an Rapid verkaufte.<\/p>\n<p>Siehe auch:<\/p>\n<p>Fotocredit: Gepa-Admiral<\/p>\n","protected":false},"excerpt":{"rendered":"Der t\u00fcrkische Erstligist Samsunspor um Cheftrainer Thorsten Fink, der 58-j\u00e4hrige Deutsche war von Sommer 2015 bis Ende Februar&hellip;\n","protected":false},"author":2,"featured_media":335960,"comment_status":"","ping_status":"","sticky":false,"template":"","format":"standard","meta":{"footnotes":"","_share_on_mastodon":"0"},"categories":[28],"tags":[46,42,43340,44,41243,969,35033,181,182],"class_list":["post-335959","post","type-post","status-publish","format-standard","has-post-thumbnail","category-wien","tag-at","tag-austria","tag-nenad-cvetkovic","tag-oesterreich","tag-samsunspor","tag-sk-rapid","tag-thorsten-fink","tag-vienna","tag-wien"],"share_on_mastodon":{"url":"https:\/\/pubeurope.com\/@at\/117100358768698836","error":""},"_links":{"self":[{"href":"https:\/\/www.europesays.com\/at\/wp-json\/wp\/v2\/posts\/335959","targetHints":{"allow":["GET"]}}],"collection":[{"href":"https:\/\/www.europesays.com\/at\/wp-json\/wp\/v2\/posts"}],"about":[{"href":"https:\/\/www.europesays.com\/at\/wp-json\/wp\/v2\/types\/post"}],"author":[{"embeddable":true,"href":"https:\/\/www.europesays.com\/at\/wp-json\/wp\/v2\/users\/2"}],"replies":[{"embeddable":true,"href":"https:\/\/www.europesays.com\/at\/wp-json\/wp\/v2\/comments?post=335959"}],"version-history":[{"count":0,"href":"https:\/\/www.europesays.com\/at\/wp-json\/wp\/v2\/posts\/335959\/revisions"}],"wp:featuredmedia":[{"embeddable":true,"href":"https:\/\/www.europesays.com\/at\/wp-json\/wp\/v2\/media\/335960"}],"wp:attachment":[{"href":"https:\/\/www.europesays.com\/at\/wp-json\/wp\/v2\/media?parent=335959"}],"wp:term":[{"taxonomy":"category","embeddable":true,"href":"https:\/\/www.europesays.com\/at\/wp-json\/wp\/v2\/categories?post=335959"},{"taxonomy":"post_tag","embeddable":true,"href":"https:\/\/www.europesays.com\/at\/wp-json\/wp\/v2\/tags?post=335959"}],"curies":[{"name":"wp","href":"https:\/\/api.w.org\/{rel}","templated":true}]}}