{"id":337212,"date":"2026-08-16T10:16:10","date_gmt":"2026-08-16T10:16:10","guid":{"rendered":"https:\/\/www.europesays.com\/at\/337212\/"},"modified":"2026-08-16T10:16:10","modified_gmt":"2026-08-16T10:16:10","slug":"inklusion-die-dirigentin-kajsa-bostroem-als-brueckenbauerin","status":"publish","type":"post","link":"https:\/\/www.europesays.com\/at\/337212\/","title":{"rendered":"Inklusion &#8211; Die Dirigentin Kajsa Bostr\u00f6m als Br\u00fcckenbauerin"},"content":{"rendered":"<p>\u00dcber Grenzen hinweg<br \/>Sie gibt Menschen mit Behinderung den Raum, Vertrauen in ihre F\u00e4higkeiten zu entwickeln. Sie verwendet bewusst eine einfache Sprache, plant und probt langfristig, damit Menschen mit Behinderung die M\u00f6glichkeit haben, ihre Simmen auswendig zu lernen. Zuhause sei dort, wo sie als Br\u00fcckenbauerin fungieren k\u00f6nne, meint Kajsa. \u00dcber geographische oder Sprachgrenzen und \u00fcber k\u00f6rperliche Behinderung hinweg.<\/p>\n","protected":false},"excerpt":{"rendered":"\u00dcber Grenzen hinwegSie gibt Menschen mit Behinderung den Raum, Vertrauen in ihre F\u00e4higkeiten zu entwickeln. Sie verwendet bewusst&hellip;\n","protected":false},"author":2,"featured_media":337213,"comment_status":"","ping_status":"","sticky":false,"template":"","format":"standard","meta":{"footnotes":"","_share_on_mastodon":"0"},"categories":[22],"tags":[46,42,147,86590,86591,276,44,8976,86592,148],"class_list":["post-337212","post","type-post","status-publish","format-standard","has-post-thumbnail","category-unterhaltung","tag-at","tag-austria","tag-entertainment","tag-kajsa","tag-kajsa-bostroem","tag-oberoesterreich","tag-oesterreich","tag-schwedischen","tag-ture-rangstroem","tag-unterhaltung"],"share_on_mastodon":{"url":"https:\/\/pubeurope.com\/@at\/117104671813092602","error":""},"_links":{"self":[{"href":"https:\/\/www.europesays.com\/at\/wp-json\/wp\/v2\/posts\/337212","targetHints":{"allow":["GET"]}}],"collection":[{"href":"https:\/\/www.europesays.com\/at\/wp-json\/wp\/v2\/posts"}],"about":[{"href":"https:\/\/www.europesays.com\/at\/wp-json\/wp\/v2\/types\/post"}],"author":[{"embeddable":true,"href":"https:\/\/www.europesays.com\/at\/wp-json\/wp\/v2\/users\/2"}],"replies":[{"embeddable":true,"href":"https:\/\/www.europesays.com\/at\/wp-json\/wp\/v2\/comments?post=337212"}],"version-history":[{"count":0,"href":"https:\/\/www.europesays.com\/at\/wp-json\/wp\/v2\/posts\/337212\/revisions"}],"wp:featuredmedia":[{"embeddable":true,"href":"https:\/\/www.europesays.com\/at\/wp-json\/wp\/v2\/media\/337213"}],"wp:attachment":[{"href":"https:\/\/www.europesays.com\/at\/wp-json\/wp\/v2\/media?parent=337212"}],"wp:term":[{"taxonomy":"category","embeddable":true,"href":"https:\/\/www.europesays.com\/at\/wp-json\/wp\/v2\/categories?post=337212"},{"taxonomy":"post_tag","embeddable":true,"href":"https:\/\/www.europesays.com\/at\/wp-json\/wp\/v2\/tags?post=337212"}],"curies":[{"name":"wp","href":"https:\/\/api.w.org\/{rel}","templated":true}]}}