{"id":338040,"date":"2026-08-16T20:16:13","date_gmt":"2026-08-16T20:16:13","guid":{"rendered":"https:\/\/www.europesays.com\/at\/338040\/"},"modified":"2026-08-16T20:16:13","modified_gmt":"2026-08-16T20:16:13","slug":"gak-trainer-feldhofer-nach-demontage-beim-sk-rapid-mein-dunkelster-moment","status":"publish","type":"post","link":"https:\/\/www.europesays.com\/at\/338040\/","title":{"rendered":"GAK-Trainer Feldhofer nach Demontage beim SK Rapid: &#8222;Mein dunkelster Moment&#8220;"},"content":{"rendered":"<p>\t\t\t\t\t\t\t\t\t\t\t\t\t\t\t <img decoding=\"async\" src=\"https:\/\/www.europesays.com\/at\/wp-content\/uploads\/2026\/08\/1786911371_619_rapid-wien.png\" alt=\"\"\/> <\/p>\n<p>\t\t\t\t\t\t\t\t\t\t\t\t\t\t\t <img decoding=\"async\" src=\"https:\/\/www.europesays.com\/at\/wp-content\/uploads\/2026\/08\/1786911372_532_gak.png\" alt=\"\"\/> <\/p>\n<p>Einen besonders bitteren Abend erlebte der <a href=\"https:\/\/ticker.ligaportal.at\/mannschaft\/2278\/gak-1902\" rel=\"nofollow noopener\" target=\"_blank\">GAK 1902<\/a> am Sonntag in Wien-H\u00fctteldorf. 0:8 stand am Ende eines inferioren Auftrittes der Rotjacken auf der Anzeigetafel des Allianz-Stadions. GAK-Coach Ferdinand Feldhofer sprach nach der Partie vom &#8222;dunkelsten Moment&#8220;, den er sportlich je erlebt habe. Weitere Stimmen aus dem Lager der Rotjacken gibt es nachfolgend:\u00a0<\/p>\n<p><img decoding=\"async\" src=\"https:\/\/www.europesays.com\/at\/wp-content\/uploads\/2026\/08\/feldhofer-spieler-rapid-gak-16082026-parak-ringsmuth.jpg\" alt=\"\"\/><\/p>\n<p>Feldhofer: &#8222;Es ist schrecklich&#8220;<\/p>\n<p>Ferdinand Feldhofer (Trainer GAK)\u00a0\u00fcber das 0:8-Debakel: <\/p>\n<p>&#8222;Es ist schrecklich und der dunkelste Moment, den ich sportlich je erlebt habe. Wenn das Spiel nach 15 Minuten praktisch entschieden ist, die Chancen vom Gegner nie aufh\u00f6ren und wir keinen Zugriff bekommen, dann wirds eben schwierig. Entschuldigung von meiner Seite an die Verantwortlichen und an die Fans.&#8220;<\/p>\n<p>&#8230;\u00fcber die Gr\u00fcnde der hohen Niederlage:\u00a0<\/p>\n<p>&#8222;Wir waren wirklich desolat im Verteidigen der Box, dass es so hoch wird, ist nat\u00fcrlich extrem bitter.\u00a0Es ist gerade sehr, sehr schwierig, dass ich sowas auch noch erleben muss, das ist nicht sehr angenehm.&#8220;<\/p>\n<p>&#8230;\u00fcber das &#8222;Feldhofer Raus&#8220; Plakat im Ausw\u00e4rtssektor:<\/p>\n<p>&#8222;Heute haben die Fans alle Rechte, da muss man den Unmut auch kundtun.\u00a0Es ist klar, dass die Fans ver\u00e4rgert sind. Wir m\u00fcssen schauen, dass wir eine Mannschaft formen, die jede Woche performt.&#8220;<\/p>\n<p>Cican Stankovic (Torh\u00fcter GAK): <\/p>\n<p>&#8222;Es muss so schnell wie m\u00f6glich aus den Sch\u00e4deln raus, weil am Freitag das n\u00e4chste wichtige Spiel ansteht. Wir waren von der ersten Minute an unterlegen, hatten keine Chance. Das 8:0 geht in Ordnung. Mir ist es auch\u00a0wurscht, dass ich ein paar B\u00e4lle gehalten habe. Wir m\u00fcssen das jetzt so schnell wie m\u00f6glich verdauen und nach vorne schauen.&#8220;<\/p>\n<p>Statement-Quelle: Sky Sport Austria<\/p>\n<p>Siehe auch:<\/p>\n<p class=\"mt-0 mb-1 text-darkblue\" itemprop=\"headline\"><a class=\"text-darkblue\" href=\"https:\/\/www.ligaportal.at\/bundesliga\/spielberichte\/22149-sk-rapid-landet-historischen-heimsieg-gegen-den-gak-1902\" rel=\"nofollow noopener\" target=\"_blank\">SK Rapid landet historischen Heimsieg gegen den GAK 1902<\/a><\/p>\n<p>Foto: Josef Parak<\/p>\n","protected":false},"excerpt":{"rendered":"Einen besonders bitteren Abend erlebte der GAK 1902 am Sonntag in Wien-H\u00fctteldorf. 0:8 stand am Ende eines inferioren&hellip;\n","protected":false},"author":2,"featured_media":338041,"comment_status":"","ping_status":"","sticky":false,"template":"","format":"standard","meta":{"footnotes":"","_share_on_mastodon":"0"},"categories":[18],"tags":[86739,46,42,3420,112,44,969,109,108],"class_list":["post-338040","post","type-post","status-publish","format-standard","has-post-thumbnail","category-sport","tag-08-debakel","tag-at","tag-austria","tag-ferdinand-feldhofer","tag-gak-1902","tag-oesterreich","tag-sk-rapid","tag-sport","tag-sports"],"share_on_mastodon":{"url":"https:\/\/pubeurope.com\/@at\/117107031458214639","error":""},"_links":{"self":[{"href":"https:\/\/www.europesays.com\/at\/wp-json\/wp\/v2\/posts\/338040","targetHints":{"allow":["GET"]}}],"collection":[{"href":"https:\/\/www.europesays.com\/at\/wp-json\/wp\/v2\/posts"}],"about":[{"href":"https:\/\/www.europesays.com\/at\/wp-json\/wp\/v2\/types\/post"}],"author":[{"embeddable":true,"href":"https:\/\/www.europesays.com\/at\/wp-json\/wp\/v2\/users\/2"}],"replies":[{"embeddable":true,"href":"https:\/\/www.europesays.com\/at\/wp-json\/wp\/v2\/comments?post=338040"}],"version-history":[{"count":0,"href":"https:\/\/www.europesays.com\/at\/wp-json\/wp\/v2\/posts\/338040\/revisions"}],"wp:featuredmedia":[{"embeddable":true,"href":"https:\/\/www.europesays.com\/at\/wp-json\/wp\/v2\/media\/338041"}],"wp:attachment":[{"href":"https:\/\/www.europesays.com\/at\/wp-json\/wp\/v2\/media?parent=338040"}],"wp:term":[{"taxonomy":"category","embeddable":true,"href":"https:\/\/www.europesays.com\/at\/wp-json\/wp\/v2\/categories?post=338040"},{"taxonomy":"post_tag","embeddable":true,"href":"https:\/\/www.europesays.com\/at\/wp-json\/wp\/v2\/tags?post=338040"}],"curies":[{"name":"wp","href":"https:\/\/api.w.org\/{rel}","templated":true}]}}