{"id":338781,"date":"2026-08-17T07:28:10","date_gmt":"2026-08-17T07:28:10","guid":{"rendered":"https:\/\/www.europesays.com\/at\/338781\/"},"modified":"2026-08-17T07:28:10","modified_gmt":"2026-08-17T07:28:10","slug":"malaika-mihambo-laesst-emotionen-raus-riesige-arschbombe-gemacht","status":"publish","type":"post","link":"https:\/\/www.europesays.com\/at\/338781\/","title":{"rendered":"Malaika Mihambo l\u00e4sst Emotionen raus &#8211; &#8222;Riesige Arschbombe gemacht&#8220;"},"content":{"rendered":"<p>\nWeitsprung-Star bei EM\n<\/p>\n<p>Aktualisiert am 17.08.2026, 06:50 Uhr\n<\/p>\n<p><img loading=\"lazy\" decoding=\"async\" src=\"https:\/\/www.europesays.com\/at\/wp-content\/uploads\/2026\/08\/42620904,pd=2,f=responsive169-w950.jpg\" alt=\"\" width=\"950\" height=\"534\"\/><\/p>\n<p>\u00a9 Video-Redaktion<\/p>\n<p class=\"content__description\" data-speakable=\"\">Der eher entt\u00e4uschende f\u00fcnfte Platz bei der Leichtathletik-EM ist ungewohnt f\u00fcr Weitspringerin Malaika Mihambo. Doch der Sport hilft gegen einen gr\u00f6\u00dferen Schmerz.<\/p>\n<p data-speakable=\"\"><a data-component-name=\"link.semantic\" data-brain-zone=\".42620724.content.textlink_1\" data-component-path=\"content.textlink_1\" href=\"https:\/\/www.gmx.at\/magazine\/sport\/thema\/malaika-mihambo\" rel=\"nofollow noopener\" target=\"_blank\">Malaika Mihambo<\/a> k\u00e4mpfte mit ihren Emotionen und konnte nach dem f\u00fcnften Platz bei den Leichtathletik-Europameisterschaften ihre Tr\u00e4nen irgendwann nicht mehr zur\u00fcckhalten. <\/p>\n<p data-speakable=\"\">Dabei hatte Deutschlands beste Weitspringerin zun\u00e4chst noch schmunzeln m\u00fcssen, als sie am Ende der EM in Birmingham von ihren technischen Problemen berichtete.<\/p>\n<p data-speakable=\"\">So meinte die 32-J\u00e4hrige zum f\u00fcnften Versuch auf 6,70 Meter: &#8222;Bei dem 6,70er zum Beispiel, da habe ich &#8217;ne riesige Arschbombe gemacht, da habe ich ganz viel Landeverlust gehabt.&#8220; Zudem sei sie vor dem Brett abgesprungen. So blieben 6,94 Meter die beste Weite. Siegerin Larissa Iapichino aus Italien sprang nur sechs Zentimeter weiter.<\/p>\n<p>Ein Privileg, \u00fcber Platz f\u00fcnf traurig zu sein<\/p>\n<p data-speakable=\"\">Doch die Niederlage &#8211; eine weitere nach Platz zwei bei den deutschen Meisterschaften &#8211; nagte an ihr. &#8222;Nachher ist es dann immer ein bisschen schwerer so zu akzeptieren, wie es ist, oder schneller abzuhaken&#8220;, sagte die Athletin der LG Kurpfalz. &#8222;Man gibt auch einen Teil von sich selbst, von daher tut es auch weh, wenn es mal nicht reicht.&#8220;<\/p>\n<p data-speakable=\"\">Dann musste Mihambo allm\u00e4hlich schwerer schlucken, ehe ihr schlie\u00dflich doch ein paar Tr\u00e4nen die Wangen hinabkullerten. &#8222;Gleichzeitig wei\u00df ich aber auch, was das f\u00fcr ein Privileg ist, heute auch hier zu sein und traurig zu sein, dass ich jetzt nur F\u00fcnfte bei einer EM geworden bin.&#8220;<\/p>\n<p>Empfehlungen der Redaktion<\/p>\n<p>Der Sport hilft \u00fcber gr\u00f6\u00dferen Schmerz hinweg<\/p>\n<p data-speakable=\"\">Sie habe in den vergangenen Jahren mit viel h\u00e4rteren Aufgaben gek\u00e4mpft, erkl\u00e4rte Mihambo. Sie sprach von einem harten und andauernden Trauerprozess, in dem sie sich befinde, ohne genauer darauf einzugehen. Dankbar sei sie daf\u00fcr, trotzdem wieder den Spa\u00df am Sport gefunden und im Training viele Bestleistungen aufgestellt zu haben.<\/p>\n<p data-speakable=\"\">&#8222;Es ist ein positives Gef\u00fchl. Ich empfinde es wirklich als Privileg, dass ich jetzt hier stehen kann und denke: Mein Herz tut weh, weil ich F\u00fcnfte geworden bin&#8220;, sagte die Olympiasiegerin und jeweils zweimalige Welt- und Europameisterin. &#8222;Das ist keine gro\u00dfe Entt\u00e4uschung, das ist einfach ein momentaner Schmerz, und das ist in Ordnung.&#8220; Der Sport sei die Nummer eins, und alles andere dahinter k\u00f6nne auch vergessen werden. (dpa\/bearbeitet von pak)<\/p>\n<p>\nTeaserbild: \u00a9 Sven Hoppe\/dpa<\/p>\n","protected":false},"excerpt":{"rendered":"Weitsprung-Star bei EM Aktualisiert am 17.08.2026, 06:50 Uhr \u00a9 Video-Redaktion Der eher entt\u00e4uschende f\u00fcnfte Platz bei der Leichtathletik-EM&hellip;\n","protected":false},"author":2,"featured_media":338782,"comment_status":"","ping_status":"","sticky":false,"template":"","format":"standard","meta":{"footnotes":"","_share_on_mastodon":"0"},"categories":[18],"tags":[86882,46,42,84380,86881,44,109,108],"class_list":["post-338781","post","type-post","status-publish","format-standard","has-post-thumbnail","category-sport","tag-arschbombe","tag-at","tag-austria","tag-leichtathletik-em","tag-malaika-mihambo","tag-oesterreich","tag-sport","tag-sports"],"share_on_mastodon":{"url":"https:\/\/pubeurope.com\/@at\/117109674393226034","error":""},"_links":{"self":[{"href":"https:\/\/www.europesays.com\/at\/wp-json\/wp\/v2\/posts\/338781","targetHints":{"allow":["GET"]}}],"collection":[{"href":"https:\/\/www.europesays.com\/at\/wp-json\/wp\/v2\/posts"}],"about":[{"href":"https:\/\/www.europesays.com\/at\/wp-json\/wp\/v2\/types\/post"}],"author":[{"embeddable":true,"href":"https:\/\/www.europesays.com\/at\/wp-json\/wp\/v2\/users\/2"}],"replies":[{"embeddable":true,"href":"https:\/\/www.europesays.com\/at\/wp-json\/wp\/v2\/comments?post=338781"}],"version-history":[{"count":0,"href":"https:\/\/www.europesays.com\/at\/wp-json\/wp\/v2\/posts\/338781\/revisions"}],"wp:featuredmedia":[{"embeddable":true,"href":"https:\/\/www.europesays.com\/at\/wp-json\/wp\/v2\/media\/338782"}],"wp:attachment":[{"href":"https:\/\/www.europesays.com\/at\/wp-json\/wp\/v2\/media?parent=338781"}],"wp:term":[{"taxonomy":"category","embeddable":true,"href":"https:\/\/www.europesays.com\/at\/wp-json\/wp\/v2\/categories?post=338781"},{"taxonomy":"post_tag","embeddable":true,"href":"https:\/\/www.europesays.com\/at\/wp-json\/wp\/v2\/tags?post=338781"}],"curies":[{"name":"wp","href":"https:\/\/api.w.org\/{rel}","templated":true}]}}