{"id":340362,"date":"2026-08-18T00:40:13","date_gmt":"2026-08-18T00:40:13","guid":{"rendered":"https:\/\/www.europesays.com\/at\/340362\/"},"modified":"2026-08-18T00:40:13","modified_gmt":"2026-08-18T00:40:13","slug":"rafael-van-der-vaart-und-estavana-polman-erwarten-ein-baby","status":"publish","type":"post","link":"https:\/\/www.europesays.com\/at\/340362\/","title":{"rendered":"Rafael van der Vaart und Estavana Polman erwarten ein Baby"},"content":{"rendered":"<p>\nStars\n<\/p>\n<p>Aktualisiert am 18.08.2026, 00:24 Uhr\n<\/p>\n<p><a href=\"https:\/\/i0.gmx.at\/image\/134\/42624134,pd=1\/rafael-van-vaart-estavana-polman-erwarten-nachwuch.jpg\" data-brain-zone=\".42624132.content.lead.1\" data-component-path=\"content.lead.1\" data-component-name=\"article-image\" rel=\"nofollow noopener\" target=\"_blank\"> <\/p>\n<p><img loading=\"lazy\" decoding=\"async\" src=\"https:\/\/www.europesays.com\/at\/wp-content\/uploads\/2026\/08\/rafael-van-vaart-estavana-polman-erwarten-nachwuch.jpg\" alt=\"Rafael van der Vaart und Estavana Polman erwarten wieder Nachwuchs.\" width=\"950\" height=\"534\"\/><\/p>\n<p><\/a> <\/p>\n<p>\nRafael van der Vaart und Estavana Polman erwarten wieder Nachwuchs.<br \/>\n\u00a9\u00a0imago\/DPPA \/ Mischa Schoemaker\n<\/p>\n<p class=\"content__description\" data-speakable=\"\">Rafael van der Vaart und Estavana Polman erwarten Nachwuchs. Das Paar machte die Schwangerschaft mit einem Familienfoto \u00f6ffentlich. Auch Sylvie Meis freut sich mit ihrem Ex-Mann.<\/p>\n<p data-speakable=\"\">Rafael van der Vaart (43) und Estavana Polman (34) erwarten ein gemeinsames Kind. Der fr\u00fchere Fu\u00dfballprofi und die einstige Handball-Nationalspielerin haben die <a data-component-name=\"link.semantic\" data-brain-zone=\".42624132.content.textlink_2\" data-component-path=\"content.textlink_2\" href=\"https:\/\/www.gmx.at\/magazine\/gesundheit\/thema\/schwangerschaft\" rel=\"nofollow noopener\" target=\"_blank\">Schwangerschaft<\/a> Montagabend (17.8.) auf <a target=\"_blank\" data-brain-zone=\".42624132.content.textlink_3\" data-component-path=\"content.textlink_3\" data-component-name=\"link.external\" rel=\"noopener nofollow\" href=\"https:\/\/www.instagram.com\/p\/DcJeQRhIs1D\/?hl=de\">Instagram mit einem Familienfoto<\/a> \u00f6ffentlich gemacht.<\/p>\n<p data-speakable=\"\">Zu sehen sind auf der Aufnahme neben dem Paar auch die beiden Kinder Jesslynn und Dami\u00e1n. Alle vier legen eine Hand auf Polmans Bauch und spreizen die Finger so, dass die Zahl f\u00fcnf entsteht. <\/p>\n<p data-speakable=\"\">Viel mehr Erkl\u00e4rung braucht die Botschaft nicht: Aus der bisher vierk\u00f6pfigen Familie wird bald eine f\u00fcnfk\u00f6pfige.<\/p>\n<p data-speakable=\"\">Im Begleittext schreiben die beiden auf Niederl\u00e4ndisch: &#8222;Eine kleine Neuigkeit, die wir voller Liebe teilen &#8230; Wir werden von 4 zu 5! Unser kleines Wunder ist auf dem Weg, und wir k\u00f6nnen es kaum erwarten, dich bei uns zu haben. Bald sind wir zu f\u00fcnft komplett.&#8220;<\/p>\n<p>Empfehlungen der Redaktion<\/p>\n<p>Sylvie Meis gratuliert in den Kommentaren<\/p>\n<p data-speakable=\"\">Unter dem Beitrag stapeln sich die Gl\u00fcckw\u00fcnsche von Fans und Freunden. Eine Reaktion sticht dabei heraus: Auch <a data-component-name=\"link.semantic\" data-brain-zone=\".42624132.content.textlink_4\" data-component-path=\"content.textlink_4\" href=\"https:\/\/www.gmx.at\/magazine\/unterhaltung\/thema\/sylvie-meis\" rel=\"nofollow noopener\" target=\"_blank\">Sylvie Meis<\/a> (48) meldet sich zu Wort. &#8222;Ich bin sooooo gl\u00fccklich f\u00fcr euch!!! Herzlichen Gl\u00fcckwunsch!!!!&#8220;, kommentiert die Moderatorin den Post.<\/p>\n<p data-speakable=\"\">Meis und van der Vaart waren acht Jahre verheiratet, gemeinsamer Sohn ist der inzwischen 20-j\u00e4hrige Dami\u00e1n, der auch auf dem Bild zu sehen ist. Im Jahr 2013 trennte sich das Paar. Inzwischen treten sie immer wieder als harmonische Patchwork-Familie auf.<\/p>\n<p data-speakable=\"\">Van der Vaart und Polman sind seit zehn Jahren ein Paar. Ihre gemeinsame Tochter Jesslynn kam 2017 zur Welt, sie wird nun gro\u00dfe Schwester. (mia\/spot)\u00a0<br \/>\n\u00a9 spot on news\n<\/p>\n<p><script async src=\"\/\/www.instagram.com\/embed.js\"><\/script><\/p>\n","protected":false},"excerpt":{"rendered":"Stars Aktualisiert am 18.08.2026, 00:24 Uhr Rafael van der Vaart und Estavana Polman erwarten wieder Nachwuchs. \u00a9\u00a0imago\/DPPA \/&hellip;\n","protected":false},"author":2,"featured_media":340363,"comment_status":"","ping_status":"","sticky":false,"template":"","format":"standard","meta":{"footnotes":"","_share_on_mastodon":"0"},"categories":[22],"tags":[46,42,147,87161,44,87160,87159,2159,9997,148],"class_list":["post-340362","post","type-post","status-publish","format-standard","has-post-thumbnail","category-unterhaltung","tag-at","tag-austria","tag-entertainment","tag-familienfoto","tag-oesterreich","tag-polman","tag-rafael-van-der-vaart","tag-schwangerschaft","tag-sylvie-meis","tag-unterhaltung"],"share_on_mastodon":{"url":"https:\/\/pubeurope.com\/@at\/117113732120778086","error":""},"_links":{"self":[{"href":"https:\/\/www.europesays.com\/at\/wp-json\/wp\/v2\/posts\/340362","targetHints":{"allow":["GET"]}}],"collection":[{"href":"https:\/\/www.europesays.com\/at\/wp-json\/wp\/v2\/posts"}],"about":[{"href":"https:\/\/www.europesays.com\/at\/wp-json\/wp\/v2\/types\/post"}],"author":[{"embeddable":true,"href":"https:\/\/www.europesays.com\/at\/wp-json\/wp\/v2\/users\/2"}],"replies":[{"embeddable":true,"href":"https:\/\/www.europesays.com\/at\/wp-json\/wp\/v2\/comments?post=340362"}],"version-history":[{"count":0,"href":"https:\/\/www.europesays.com\/at\/wp-json\/wp\/v2\/posts\/340362\/revisions"}],"wp:featuredmedia":[{"embeddable":true,"href":"https:\/\/www.europesays.com\/at\/wp-json\/wp\/v2\/media\/340363"}],"wp:attachment":[{"href":"https:\/\/www.europesays.com\/at\/wp-json\/wp\/v2\/media?parent=340362"}],"wp:term":[{"taxonomy":"category","embeddable":true,"href":"https:\/\/www.europesays.com\/at\/wp-json\/wp\/v2\/categories?post=340362"},{"taxonomy":"post_tag","embeddable":true,"href":"https:\/\/www.europesays.com\/at\/wp-json\/wp\/v2\/tags?post=340362"}],"curies":[{"name":"wp","href":"https:\/\/api.w.org\/{rel}","templated":true}]}}