{"id":343042,"date":"2026-08-19T09:12:15","date_gmt":"2026-08-19T09:12:15","guid":{"rendered":"https:\/\/www.europesays.com\/at\/343042\/"},"modified":"2026-08-19T09:12:15","modified_gmt":"2026-08-19T09:12:15","slug":"allman-betts-family-revival-tour-10-jubilaeum-mit-tourdaten","status":"publish","type":"post","link":"https:\/\/www.europesays.com\/at\/343042\/","title":{"rendered":"Allman Betts Family Revival Tour: 10. Jubil\u00e4um mit Tourdaten"},"content":{"rendered":"<p>        <img decoding=\"async\" src=\"https:\/\/www.europesays.com\/at\/wp-content\/uploads\/2026\/08\/1787130734_765_rs-badge-recommendation.png\" alt=\"ROLLING STONE Badge\"\/><\/p>\n<p>Empfehlungen der\u00a0Redaktion<\/p>\n<p><img loading=\"lazy\" decoding=\"async\" src=\"https:\/\/www.europesays.com\/at\/wp-content\/uploads\/2026\/08\/f75f31ccabab4b68bcaa52d569470691.gif\" alt=\"\" width=\"1\" height=\"1\"\/>Devon Allman und Duane Betts, die S\u00f6hne der <a href=\"https:\/\/www.rollingstone.de\/gregg-allman-beste-songs-essential-3179419\/\" target=\"_blank\" rel=\"noopener nofollow\">Allman-Brothers-Band-<\/a>Gr\u00fcndungsmitglieder Gregg Allman und Dickey Betts, <a href=\"https:\/\/www.rollingstone.com\/music\/music-news\/allman-betts-family-revival-tour-10th-anniversary-dates-1235610845\/\" target=\"_blank\" rel=\"noopener nofollow\">feiern das 10-j\u00e4hrige Jubil\u00e4um der Allman Betts Family Revival Tour. Gemeinsam treten sie als Allman Betts Band auf.<\/a><\/p>\n<p>Benannt nach dem Allman-Brothers-Band-Album \u201eA Decade of Hits 1969-1979\u201c, wird die 20-teilige \u201eA Decade of Revival\u201c-Tour die Allman Betts Band mit einer Reihe wechselnder G\u00e4ste auf die B\u00fchne bringen \u2013 darunter Robert Randolph, Sierra Hull, Judith Hill, Andy Frasco, Luther Dickinson, Jimmy Hall, Steel Beans, Larry McCray, Cody Dickinson, Alex Orbison und Abby Stahlschmidt an verschiedenen Stationen. Details zum Lineup sowie Ticketinformationen sind auf der offiziellen Tour-Website erh\u00e4ltlich.<\/p>\n<p>\u201eIch kann kaum glauben, dass es schon zehn Jahre sind \u2013 zehn Jahre dieses wunderbaren Zusammenkommens von Freunden, um das Songbook unserer V\u00e4ter zu feiern\u201c, sagte Devon Allman in einem Statement. \u201eDass Duane und ich die treuen H\u00fcter dieses historischen Werks sind, ist uns sehr wohl bewusst. Es ist uns eine gro\u00dfe Ehre. Nichts liegt uns n\u00e4her am Herzen. Wir k\u00f6nnen es kaum erwarten, die Geister zu beschw\u00f6ren und zehn Jahre zu feiern. Seid dabei.\u201c<\/p>\n<p>Duane Betts erg\u00e4nzte: \u201e10 Jahre und kein bisschen m\u00fcde! Es ist ein Geschenk, dieses zeitlose Songbook mit so vielen wunderbaren, talentierten Freunden zu spielen. Wir k\u00f6nnten nicht gl\u00fccklicher sein, dass die Revival Tour ins zehnte Jahr geht. Wir sehen uns auf der Stra\u00dfe!\u201c<\/p>\n<p>Jede Show umfasst zwei Sets. Das erste widmet sich Songs aus den Siebzigern und huldigt dem Original-Lineup. Das zweite Set konzentriert sich auf das Allman-Brothers-Material der Neunziger.<\/p>\n<p>Tradition wie die \u201eLast Waltz\u201c<\/p>\n<p>Das allj\u00e4hrliche Event \u2013 das in seiner Struktur mit dem rotierenden Ensemble-Cast aus Blues-, Americana-, Country- und Rockmusikerinnen und -musikern an die \u201eLast Waltz\u201c erinnert \u2013 begann urspr\u00fcnglich als Feier zum 70. Geburtstag von Gregg Allman. Inzwischen ist es eine j\u00e4hrliche Tradition geworden, bei der \u201eDevon und Duane das Erbe ihrer Familien ehren und den eindringlichen Geist der gro\u00dfen Vorbilder heraufbeschw\u00f6ren, indem sie ein Ensemble der Weltklasse um sich versammeln\u201c, wie es in einer Pressemitteilung hei\u00dft.<\/p>\n<p>Allman Betts Family Revival Tour \u2013 Tourdaten 2026<\/p>\n<p>28. Nov. \u2013 St. Louis, MO @ Stifel Theatre<br \/>29. Nov. \u2013 Nashville, IN @ Brown County Music Center<br \/>30. Nov. \u2013 Nashville, TN @ Ryman Auditorium<br \/>2. Dez. \u2013 Wilkes Barr, PA @ Kirby Center<br \/>3. Dez. \u2013 Boston, MA @ Orpheum Theatre<br \/>4. Dez. \u2013 Port Chester, NY @ Capitol<br \/>5. Dez. \u2013 New York, NY @ Beacon<br \/>6. Dez. \u2013 Huntington, NY @ The Paramount<br \/>7. Dez. \u2013 Tysons, VA @ Capitol One Hall<br \/>8. Dez. \u2013 Greenville, SC @ Peace Center<br \/>10. Dez. \u2013 Knoxville, TN @ Tennessee Theatre<br \/>11. Dez. \u2013 Charleston, SC @ Gaillard Center<br \/>12. Dez. \u2013 Macon, GA @ Macon City Auditorium<br \/>13. Dez. \u2013 Sarasota, FL @ Van Wezel PAC<br \/>15. Dez. \u2013 Ft. Pierce, FL @ Sunrise Theatre<br \/>16. Dez. \u2013 Clearwater, FL @ Ruth Eckerd Hall<br \/>17. Dez. \u2013 Jacksonville, FL @ Florida Theatre<br \/>18. Dez. \u2013 New Orleans, LA @ The Fillmore NOLA<br \/>19. Dez. \u2013 San Francisco, CA @ The Fillmore SF<br \/>20. Dez. \u2013 San Francisco, CA @ The Fillmore SF<\/p>\n","protected":false},"excerpt":{"rendered":"Empfehlungen der\u00a0Redaktion Devon Allman und Duane Betts, die S\u00f6hne der Allman-Brothers-Band-Gr\u00fcndungsmitglieder Gregg Allman und Dickey Betts, feiern das&hellip;\n","protected":false},"author":2,"featured_media":343043,"comment_status":"","ping_status":"","sticky":false,"template":"","format":"standard","meta":{"footnotes":"","_share_on_mastodon":"0"},"categories":[24],"tags":[61570,46,42,87654,87655,147,153,154,44,148],"class_list":["post-343042","post","type-post","status-publish","format-standard","has-post-thumbnail","category-musik","tag-allman-brothers-band","tag-at","tag-austria","tag-devon-allman","tag-duane-betts","tag-entertainment","tag-music","tag-musik","tag-oesterreich","tag-unterhaltung"],"share_on_mastodon":{"url":"https:\/\/pubeurope.com\/@at\/117121407612144415","error":""},"_links":{"self":[{"href":"https:\/\/www.europesays.com\/at\/wp-json\/wp\/v2\/posts\/343042","targetHints":{"allow":["GET"]}}],"collection":[{"href":"https:\/\/www.europesays.com\/at\/wp-json\/wp\/v2\/posts"}],"about":[{"href":"https:\/\/www.europesays.com\/at\/wp-json\/wp\/v2\/types\/post"}],"author":[{"embeddable":true,"href":"https:\/\/www.europesays.com\/at\/wp-json\/wp\/v2\/users\/2"}],"replies":[{"embeddable":true,"href":"https:\/\/www.europesays.com\/at\/wp-json\/wp\/v2\/comments?post=343042"}],"version-history":[{"count":0,"href":"https:\/\/www.europesays.com\/at\/wp-json\/wp\/v2\/posts\/343042\/revisions"}],"wp:featuredmedia":[{"embeddable":true,"href":"https:\/\/www.europesays.com\/at\/wp-json\/wp\/v2\/media\/343043"}],"wp:attachment":[{"href":"https:\/\/www.europesays.com\/at\/wp-json\/wp\/v2\/media?parent=343042"}],"wp:term":[{"taxonomy":"category","embeddable":true,"href":"https:\/\/www.europesays.com\/at\/wp-json\/wp\/v2\/categories?post=343042"},{"taxonomy":"post_tag","embeddable":true,"href":"https:\/\/www.europesays.com\/at\/wp-json\/wp\/v2\/tags?post=343042"}],"curies":[{"name":"wp","href":"https:\/\/api.w.org\/{rel}","templated":true}]}}