{"id":344396,"date":"2026-08-19T23:32:11","date_gmt":"2026-08-19T23:32:11","guid":{"rendered":"https:\/\/www.europesays.com\/at\/344396\/"},"modified":"2026-08-19T23:32:11","modified_gmt":"2026-08-19T23:32:11","slug":"josh-radnor-stars-aus-how-i-met-your-mother-kaum-noch-in-kontakt","status":"publish","type":"post","link":"https:\/\/www.europesays.com\/at\/344396\/","title":{"rendered":"Josh Radnor: Stars aus &#8222;How I Met Your Mother&#8220; kaum noch in Kontakt"},"content":{"rendered":"<p>\nFilme und Serien\n<\/p>\n<p>Aktualisiert am 19.08.2026, 23:32 Uhr\n<\/p>\n<p><a href=\"https:\/\/i0.web.de\/image\/840\/42631840,pd=1\/josh-radnor-auftritt-jahr-2024.jpg\" data-brain-zone=\".42631838.content.lead.1\" data-component-path=\"content.lead.1\" data-component-name=\"article-image\" rel=\"nofollow noopener\" target=\"_blank\"> <\/p>\n<p><img loading=\"lazy\" decoding=\"async\" src=\"https:\/\/www.europesays.com\/at\/wp-content\/uploads\/2026\/08\/josh-radnor-auftritt-jahr-2024.jpg\" alt=\"Josh Radnor bei einem Auftritt im Jahr 2024.\" width=\"950\" height=\"534\"\/><\/p>\n<p><\/a> <\/p>\n<p>\nJosh Radnor bei einem Auftritt im Jahr 2024.<br \/>\n\u00a9\u00a0imago\/Everett Collection\/Christina DeOrtentiis\n<\/p>\n<p class=\"content__description\" data-speakable=\"\">&#8222;How I Met Your Mother&#8220;-Star Josh Radnor hat enth\u00fcllt, dass sich der Serien-Cast im echten Leben nur noch selten trifft &#8211; auch wenn viele Fans sich anderes w\u00fcnschen w\u00fcrden.<\/p>\n<p data-speakable=\"\">Auch wenn es sich viele Fans der Serie wohl immer noch w\u00fcnschen w\u00fcrden: &#8222;How I Met Your Mother&#8220;-Star Josh Radnor (52) hat jetzt enth\u00fcllt, dass er seinen ehemaligen Co-Stars aus der erfolgreichen Sitcom nicht mehr sonderlich nahesteht. Es herrsche derzeit &#8222;keine aktive Liebe&#8220; zwischen den Schauspielern der Serie, enth\u00fcllte der Darsteller von Ted Mosby in einem Podcast.<\/p>\n<p>\nAktualisiert am 19.08.2026, 23:32 Uhr\n<\/p>\n<p>\nJosh Radnor talks How I Met Your Mother, making peace with Ted Mosby &amp; the pressures of fame (4K) \u00a9 YouTube\n<\/p>\n<p>Josh Radnor hat einige seiner Co-Stars schon l\u00e4nger nicht mehr gesehen<\/p>\n<p data-speakable=\"\">Radnor war zu <a target=\"_blank\" data-brain-zone=\".42631838.content.textlink_2\" data-component-path=\"content.textlink_2\" data-component-name=\"link.external\" rel=\"noopener nofollow\" href=\"https:\/\/www.youtube.com\/watch?v=N9eq_IY0LX0\">Cast im Podcast &#8222;Half the Picture&#8220;<\/a>. Dort erkl\u00e4rte er, der Serien-Cast st\u00fcnde sich heutzutage &#8222;nicht einmal ein kleines bisschen&#8220; nahe. So schreibe er sich etwa mit <a data-component-name=\"link.semantic\" data-brain-zone=\".42631838.content.textlink_3\" data-component-path=\"content.textlink_3\" href=\"https:\/\/web.de\/magazine\/unterhaltung\/thema\/jason-segel\" rel=\"nofollow noopener\" target=\"_blank\">Jason Segel<\/a> (46) hin und wieder Nachrichten. Im echten Leben gesehen habe er den Darsteller von Marshall Eriksen allerdings schon &#8222;sehr lange&#8220; nicht mehr.<\/p>\n<p data-speakable=\"\">Mit Marvel-Star Cobie Smulders (44), die Robin Scherbatsky spielte, sprach Radnor indes zuletzt per Videocall. Alyson Hannigan (spielte Lily Aldrin, 52) sah er nach eigener Aussage seit seiner Hochzeit im Jahr 2024 nicht mehr.<\/p>\n<p>&#8222;Und dann l\u00f6st sich das Ganze einfach auf&#8220;<\/p>\n<p data-speakable=\"\">&#8222;Die Leute wollen das wirklich glauben, dass ich, Neil und Jason gemeinsam in New York durch die Kneipen ziehen. Die Leute wollen das wirklich glauben&#8220;, sagte Radnor \u00fcber seine ehemaligen m\u00e4nnlichen Co-Stars. Doch die Beziehung des Serien-Casts zueinander gleiche eher ehemaligen Studenten, deren Uni-Zeit vorbei sei. <\/p>\n<p data-speakable=\"\">Man habe &#8222;diese sehr intensive Zeit miteinander verbracht und kann sich gar nicht vorstellen, sich nicht jeden Tag zu sehen&#8220;, erkl\u00e4rte er weiter. &#8222;Und dann l\u00f6st sich das Ganze einfach auf und man geht einfach hinaus und lebt sein Leben.&#8220;<\/p>\n<p data-speakable=\"\">Radnor f\u00fcgte noch hinzu, dass unter den Darstellern eine &#8222;tiefe, innige und wahrscheinlich ewige&#8220; Liebe f\u00fcreinander herrsche, dass es sich dabei jedoch &#8222;nicht um eine aktive Liebe&#8220; handele.<\/p>\n<p>Empfehlungen der Redaktion<\/p>\n<p data-speakable=\"\">&#8222;How I Met Your Mother&#8220; lief von 2005 bis 2014 in neun Staffeln beim US-Kanal CBS. Die Serie erz\u00e4hlte vom Single Ted Mosby, seiner Suche nach Liebe in New York und den Abenteuern seiner Clique. Auch in Deutschland erfreute sich das Programm gro\u00dfer Beliebtheit. (lau\/spot)\u00a0<br \/>\n\u00a9 spot on news<\/p>\n","protected":false},"excerpt":{"rendered":"Filme und Serien Aktualisiert am 19.08.2026, 23:32 Uhr Josh Radnor bei einem Auftritt im Jahr 2024. \u00a9\u00a0imago\/Everett Collection\/Christina&hellip;\n","protected":false},"author":2,"featured_media":344397,"comment_status":"","ping_status":"","sticky":false,"template":"","format":"standard","meta":{"footnotes":"","_share_on_mastodon":"0"},"categories":[25],"tags":[46,42,147,87944,87942,44,156,155,87943,148],"class_list":["post-344396","post","type-post","status-publish","format-standard","has-post-thumbnail","category-serien","tag-at","tag-austria","tag-entertainment","tag-jason-segel","tag-josh-radnor","tag-oesterreich","tag-serien","tag-series","tag-ted-mosby","tag-unterhaltung"],"share_on_mastodon":{"url":"https:\/\/pubeurope.com\/@at\/117124789082553654","error":""},"_links":{"self":[{"href":"https:\/\/www.europesays.com\/at\/wp-json\/wp\/v2\/posts\/344396","targetHints":{"allow":["GET"]}}],"collection":[{"href":"https:\/\/www.europesays.com\/at\/wp-json\/wp\/v2\/posts"}],"about":[{"href":"https:\/\/www.europesays.com\/at\/wp-json\/wp\/v2\/types\/post"}],"author":[{"embeddable":true,"href":"https:\/\/www.europesays.com\/at\/wp-json\/wp\/v2\/users\/2"}],"replies":[{"embeddable":true,"href":"https:\/\/www.europesays.com\/at\/wp-json\/wp\/v2\/comments?post=344396"}],"version-history":[{"count":0,"href":"https:\/\/www.europesays.com\/at\/wp-json\/wp\/v2\/posts\/344396\/revisions"}],"wp:featuredmedia":[{"embeddable":true,"href":"https:\/\/www.europesays.com\/at\/wp-json\/wp\/v2\/media\/344397"}],"wp:attachment":[{"href":"https:\/\/www.europesays.com\/at\/wp-json\/wp\/v2\/media?parent=344396"}],"wp:term":[{"taxonomy":"category","embeddable":true,"href":"https:\/\/www.europesays.com\/at\/wp-json\/wp\/v2\/categories?post=344396"},{"taxonomy":"post_tag","embeddable":true,"href":"https:\/\/www.europesays.com\/at\/wp-json\/wp\/v2\/tags?post=344396"}],"curies":[{"name":"wp","href":"https:\/\/api.w.org\/{rel}","templated":true}]}}