{"id":345650,"date":"2026-08-20T14:13:10","date_gmt":"2026-08-20T14:13:10","guid":{"rendered":"https:\/\/www.europesays.com\/at\/345650\/"},"modified":"2026-08-20T14:13:10","modified_gmt":"2026-08-20T14:13:10","slug":"nach-08-debakel-beim-sk-rapid-gilt-es-fuer-gak-1902-bei-sv-ried-standfest-zu-bleiben","status":"publish","type":"post","link":"https:\/\/www.europesays.com\/at\/345650\/","title":{"rendered":"Nach 0:8-Debakel beim SK Rapid gilt es f\u00fcr GAK 1902 bei SV Ried standfest zu bleiben"},"content":{"rendered":"<p>\t\t\t\t\t\t\t\t\t\t\t\t\t\t\t <img decoding=\"async\" src=\"https:\/\/www.europesays.com\/at\/wp-content\/uploads\/2026\/08\/1787235189_437_sv-ried.jpg\" alt=\"\"\/> <\/p>\n<p>\t\t\t\t\t\t\t\t\t\t\t\t\t\t\t <img decoding=\"async\" src=\"https:\/\/www.europesays.com\/at\/wp-content\/uploads\/2026\/08\/1787235190_92_gak.png\" alt=\"\"\/> <\/p>\n<p>Nach der historischen Abfuhr beim <a href=\"https:\/\/ticker.ligaportal.at\/mannschaft\/1724\/rapid-wien\" rel=\"nofollow noopener\" target=\"_blank\">SK Rapid<\/a> mit 0:8 am vergangenen Sonntag in H\u00fctteldorf bleibt f\u00fcr den\u00a0<a href=\"https:\/\/ticker.ligaportal.at\/mannschaft\/2278\/gak-1902\" rel=\"nofollow noopener\" target=\"_blank\">GAK 1902<\/a> nicht viel Zeit zum Wundenlecken. Die Grazer Athletiker stehen bereits am Freitag (19:30 Uhr im <a href=\"https:\/\/ticker.ligaportal.at\/live-ticker\/1260150\/sv-ried-gegen-gak-1902\" rel=\"nofollow noopener\" target=\"_blank\">Ligaportal-LIVETICKER<\/a>) vor der n\u00e4chsten Bew\u00e4hrungsprobe. Zum Auftakt der zweitgeteilten vierten Runde (die Spiele der vier Play-off-Eurofighter finden unter der Woche am 1. bzw. 2. September statt) in der laufenden <a href=\"https:\/\/www.ligaportal.at\/bundesliga\/\" rel=\"nofollow noopener\" target=\"_blank\">Bundesliga<\/a>-Saison geht es f\u00fcr die Steirer ausw\u00e4rts bei der\u00a0<a href=\"https:\/\/ticker.ligaportal.at\/mannschaft\/1723\/sv-ried\" rel=\"nofollow noopener\" target=\"_blank\">SV Oberbank Ried<\/a> nicht nur um sportliche Rehabilitation, sondern auch darum, nach dem Trainerwechsel wieder Stabilit\u00e4t zu finden.<\/p>\n<p><img decoding=\"async\" src=\"https:\/\/www.europesays.com\/at\/wp-content\/uploads\/2026\/08\/einschwoeren-gak-rapid-gak-16082026-parak-ringsmuth.jpg\" alt=\"\"\/><\/p>\n<p>Einschw\u00f6ren f\u00fcr Spielmacher Peter Michorl (l.) und den GAK 1902 auf das n\u00e4chste Ausw\u00e4rtsspiel der Grazer binnen weniger Tage in der Bundesliga. In Ried kommt es f\u00fcr GAK-Offensivakteur Mark Grosse auch zum Wiedersehen mit seinem Ex-Klub. Die Steirer wollen eine Antwort auf die Blamage in H\u00fctteldorf liefern.<\/p>\n<p>\u201eWir glauben an die Spieler, das Potenzial ist da&#8220;<\/p>\n<p class=\"isSelectedEnd\">Das 0:8 in H\u00fctteldorf hatte Konsequenzen: Ferdinand Feldhofer wurde nach der Niederlage <a href=\"https:\/\/www.ligaportal.at\/bundesliga\/allgemein\/22167-nach-0-8-debakel-beim-sk-rapid-gak-1902-trennt-sich-von-trainer-feldhofer\" rel=\"nofollow noopener\" target=\"_blank\">dienstfrei gestellt<\/a>, w\u00e4hrend sein Co-Trainer Florian Hart freiwillig ging. Feldhofers weiterer Assistent, Joachim Standfest, \u00fcbernahm dagegen zun\u00e4chst interimistisch. F\u00fcr den ehemaligen Profi beginnt damit in Ried die erste Partie in seiner neuen Rolle. Gleichzeitig besteht f\u00fcr den\u00a0 Leobener die M\u00f6glichkeit, sich f\u00fcr eine dauerhafte Aufgabe als Cheftrainer zu empfehlen. Pr\u00e4sident Rene Ziesler stellte einen solchen Verbleib zumindest in Aussicht.<\/p>\n<p class=\"isSelectedEnd\">Die Verarbeitung der schweren Niederlage war auch f\u00fcr Joachim Standfest nicht einfach. Eine schlaflose Nacht habe dem fr\u00fcheren SCR Altach-\u00dcbungsleiter das Ausma\u00df des R\u00fcckschlags deutlich vor Augen gef\u00fchrt, zugleich verwies der Interimscoach auf die Erfahrung, die dabei helfe, mit solchen Situationen umzugehen. Entscheidend sei nun, die \u00c4rmel hochzukrempeln und gemeinsam nach vorne zu blicken.<\/p>\n<p class=\"isSelectedEnd\">An eine bewusste Leistung gegen den Trainer glaubt Standfest nicht. Der 46-J\u00e4hrige meint: \u201eEs gibt keinen Spieler auf der ganzen Welt, der gegen den Trainer spielt.\u201c\u00a0Die Aufarbeitung der Partie sei bereits am Dienstag abgeschlossen gewesen:\u00a0\u201eWir glauben an die Spieler, das Potenzial ist da. Am Sonntag ist einfach alles zusammengekommen.&#8220;<\/p>\n<p>\u201eDie Mannschaft ist intakt und wird am Freitag ein ganz anderes Gesicht zeigen&#8220;<\/p>\n<p>Auch Chefscout Andreas Lienhart, der in der derzeit turbulenten sportlichen Situation Sportdirektor Tino Wawra vertritt, sieht keinen Grund, die Mannschaft grunds\u00e4tzlich infrage zu stellen. Nach Gespr\u00e4chen mit den Spielern kommt der 40-j\u00e4hrige Grazer zu folgendem Schluss:\u00a0\u201eIch kann versichern, dass die Mannschaft nicht absichtlich 0:8 verloren hat. Die Mannschaft ist intakt und wird am Freitag ein ganz anderes Gesicht zeigen.\u201c<\/p>\n<p>F\u00fcr den GAK geht es damit in Ried um weit mehr als die n\u00e4chsten Punkte: Die Grazer wollen zeigen, dass das Debakel von H\u00fctteldorf ein Ausrutscher bleibt und die Mannschaft die notwendige Reaktion darauf findet.<\/p>\n<p>Siehe auch:<\/p>\n<p class=\"mt-0 mb-1 text-darkblue\" itemprop=\"headline\"><a class=\"text-darkblue\" href=\"https:\/\/www.ligaportal.at\/bundesliga\/allgemein\/22188-das-sagt-joachim-standfest-zu-moeglichem-cheftrainer-posten-beim-gak-1902\" rel=\"nofollow noopener\" target=\"_blank\">Das sagt Joachim Standfest zu m\u00f6glichem Cheftrainer-Posten beim GAK 1902<\/a><\/p>\n<p class=\"mt-0 mb-1 text-darkblue\" itemprop=\"headline\"><a class=\"text-darkblue\" href=\"https:\/\/www.ligaportal.at\/bundesliga\/allgemein\/22183-sv-oberbank-ried-erwartet-giftigen-gak-1902\" rel=\"nofollow noopener\" target=\"_blank\">SV Oberbank Ried erwartet giftigen GAK 1902<\/a><\/p>\n<p class=\"mt-0 mb-1 text-darkblue\" itemprop=\"headline\"><a class=\"text-darkblue\" href=\"https:\/\/www.ligaportal.at\/bundesliga\/allgemein\/22168-gak-1902-wird-scheiblehner-oder-schmid-nachfolger-von-feldhofer-oder-doch-ein-anderer\" rel=\"nofollow noopener\" target=\"_blank\">GAK 1902: Wird Scheiblehner oder Schmid Nachfolger von Feldhofer \u2013 oder ein anderer?<\/a><\/p>\n<p class=\"mt-0 mb-1 text-darkblue\" itemprop=\"headline\"><a class=\"text-darkblue\" href=\"https:\/\/www.ligaportal.at\/bundesliga\/transfers\" rel=\"nofollow noopener\" target=\"_blank\">Transfers Bundesliga<\/a><\/p>\n<p lang=\"de\" dir=\"ltr\">&#8222;Wir haben am Freitag die Chance auf einen neuen Beginn.&#8220; \ud83c\udf99\ufe0f<br \/>Ziesler und Lienhart zur Trennung von Feldhofer und zur Trainersuche, Standfest und Pines zum Spiel in Ried. Die gesamte PK. \ud83d\udcfa <a href=\"https:\/\/x.com\/hashtag\/grazerak?src=hash&amp;ref_src=twsrc%5Etfw\" rel=\"nofollow\">#grazerak<\/a> <a href=\"https:\/\/x.com\/hashtag\/SVRGAK?src=hash&amp;ref_src=twsrc%5Etfw\" rel=\"nofollow\">#SVRGAK<\/a> <a href=\"https:\/\/t.co\/ikd7870zr1\" rel=\"nofollow\">https:\/\/t.co\/ikd7870zr1<\/a><\/p>\n<p>\u2014 GAK 1902 (@grazerak) <a href=\"https:\/\/x.com\/grazerak\/status\/2090095053607752057?ref_src=twsrc%5Etfw\" rel=\"nofollow\">August 19, 2026<\/a> <\/p>\n<p>Fotocredit: Josef Parak<\/p>\n","protected":false},"excerpt":{"rendered":"Nach der historischen Abfuhr beim SK Rapid mit 0:8 am vergangenen Sonntag in H\u00fctteldorf bleibt f\u00fcr den\u00a0GAK 1902&hellip;\n","protected":false},"author":2,"featured_media":345651,"comment_status":"","ping_status":"","sticky":false,"template":"","format":"standard","meta":{"footnotes":"","_share_on_mastodon":"0"},"categories":[8],"tags":[676,112,40,41,70838,39,2279,38],"class_list":["post-345650","post","type-post","status-publish","format-standard","has-post-thumbnail","category-nachrichten","tag-bundesliga","tag-gak-1902","tag-nachrichten","tag-news","tag-oliver-sorg","tag-schlagzeilen","tag-sv-oberbank-ried","tag-top-meldungen"],"share_on_mastodon":{"url":"https:\/\/pubeurope.com\/@at\/117128253343701922","error":""},"_links":{"self":[{"href":"https:\/\/www.europesays.com\/at\/wp-json\/wp\/v2\/posts\/345650","targetHints":{"allow":["GET"]}}],"collection":[{"href":"https:\/\/www.europesays.com\/at\/wp-json\/wp\/v2\/posts"}],"about":[{"href":"https:\/\/www.europesays.com\/at\/wp-json\/wp\/v2\/types\/post"}],"author":[{"embeddable":true,"href":"https:\/\/www.europesays.com\/at\/wp-json\/wp\/v2\/users\/2"}],"replies":[{"embeddable":true,"href":"https:\/\/www.europesays.com\/at\/wp-json\/wp\/v2\/comments?post=345650"}],"version-history":[{"count":0,"href":"https:\/\/www.europesays.com\/at\/wp-json\/wp\/v2\/posts\/345650\/revisions"}],"wp:featuredmedia":[{"embeddable":true,"href":"https:\/\/www.europesays.com\/at\/wp-json\/wp\/v2\/media\/345651"}],"wp:attachment":[{"href":"https:\/\/www.europesays.com\/at\/wp-json\/wp\/v2\/media?parent=345650"}],"wp:term":[{"taxonomy":"category","embeddable":true,"href":"https:\/\/www.europesays.com\/at\/wp-json\/wp\/v2\/categories?post=345650"},{"taxonomy":"post_tag","embeddable":true,"href":"https:\/\/www.europesays.com\/at\/wp-json\/wp\/v2\/tags?post=345650"}],"curies":[{"name":"wp","href":"https:\/\/api.w.org\/{rel}","templated":true}]}}