{"id":346274,"date":"2026-08-20T20:37:08","date_gmt":"2026-08-20T20:37:08","guid":{"rendered":"https:\/\/www.europesays.com\/at\/346274\/"},"modified":"2026-08-20T20:37:08","modified_gmt":"2026-08-20T20:37:08","slug":"europa-league-last-minute-eigentor-salzburg-erkaempft-sich-vorteil-gegen-mjaellby","status":"publish","type":"post","link":"https:\/\/www.europesays.com\/at\/346274\/","title":{"rendered":"Europa League &#8211; Last-Minute-Eigentor! Salzburg erk\u00e4mpft sich Vorteil gegen Mj\u00e4llby"},"content":{"rendered":"<p>        <img decoding=\"async\" src=\"https:\/\/www.europesays.com\/at\/wp-content\/uploads\/2026\/08\/img-F6CJhaZKNcFxbQJq.jpeg\" data-fullscreen-src=\"https:\/\/www.noen.at\/image\/3840x0-jpg\/6590594\/img-F6CJhaZKNcFxbQJq.jpeg\" bad-src=\"https:\/\/www.europesays.com\/at\/wp-content\/uploads\/2026\/08\/img-F6CJhaZKNcFxbQJq.jpeg\" data-teaser-member=\"image\" alt=\"FUSSBALL: ADMIRAL BUNDESLIGA\/ 3. RUNDE: WSG TIROL - RED BULL SALZBURG\"\/><\/p>\n<p>\n                Danny R\u00f6hl ist sich bewusst, dass seine Salzburger noch viel Luft nach oben haben            <\/p>\n<p>\n                Foto:<br \/>\n                APA\/EXPA\/ STEFAN ADELSBERGER, EXPA\/ STEFAN ADELSBERGER                            <\/p>\n<p>\n        Ein Eigentor tief in der Nachspielzeit bescherte Red Bull Salzburg einen gl\u00fccklichen 1:0-Erfolg bei Mj\u00e4llby. Dank des sp\u00e4ten Treffers reicht den \u201eBullen\u201c im R\u00fcckspiel bereits ein Remis zum Einzug in die Europa League.     <\/p>\n<p>Red Bull Salzburg hat sich mit einem Last-Minute-Erfolg eine gute Ausgangsposition f\u00fcr den Einzug in die Europa League geschaffen. Die \u201eBullen\u201c gewannen das Play-off-Hinspiel beim schwedischen Sensationsmeister Mj\u00e4llby AIF dank eines Eigentors in der Nachspielzeit mit 1:0. Mit ihrer Leistung konnten die Salzburger allerdings nur phasenweise \u00fcberzeugen.<\/p>\n","protected":false},"excerpt":{"rendered":"Danny R\u00f6hl ist sich bewusst, dass seine Salzburger noch viel Luft nach oben haben Foto: APA\/EXPA\/ STEFAN ADELSBERGER,&hellip;\n","protected":false},"author":2,"featured_media":346275,"comment_status":"","ping_status":"","sticky":false,"template":"","format":"standard","meta":{"footnotes":"","_share_on_mastodon":"0"},"categories":[31],"tags":[46,42,18740,61128,964,3458,12058,4647,44,1064,192,109],"class_list":["post-346274","post","type-post","status-publish","format-standard","has-post-thumbnail","category-salzburg","tag-at","tag-austria","tag-christian-zawieschitzky","tag-danny-roehl","tag-fussball","tag-karim-konate","tag-maurits-kjaergaard","tag-meinfussball","tag-oesterreich","tag-rb-salzburg","tag-salzburg","tag-sport"],"share_on_mastodon":{"url":"https:\/\/pubeurope.com\/@at\/117129763151994010","error":""},"_links":{"self":[{"href":"https:\/\/www.europesays.com\/at\/wp-json\/wp\/v2\/posts\/346274","targetHints":{"allow":["GET"]}}],"collection":[{"href":"https:\/\/www.europesays.com\/at\/wp-json\/wp\/v2\/posts"}],"about":[{"href":"https:\/\/www.europesays.com\/at\/wp-json\/wp\/v2\/types\/post"}],"author":[{"embeddable":true,"href":"https:\/\/www.europesays.com\/at\/wp-json\/wp\/v2\/users\/2"}],"replies":[{"embeddable":true,"href":"https:\/\/www.europesays.com\/at\/wp-json\/wp\/v2\/comments?post=346274"}],"version-history":[{"count":0,"href":"https:\/\/www.europesays.com\/at\/wp-json\/wp\/v2\/posts\/346274\/revisions"}],"wp:featuredmedia":[{"embeddable":true,"href":"https:\/\/www.europesays.com\/at\/wp-json\/wp\/v2\/media\/346275"}],"wp:attachment":[{"href":"https:\/\/www.europesays.com\/at\/wp-json\/wp\/v2\/media?parent=346274"}],"wp:term":[{"taxonomy":"category","embeddable":true,"href":"https:\/\/www.europesays.com\/at\/wp-json\/wp\/v2\/categories?post=346274"},{"taxonomy":"post_tag","embeddable":true,"href":"https:\/\/www.europesays.com\/at\/wp-json\/wp\/v2\/tags?post=346274"}],"curies":[{"name":"wp","href":"https:\/\/api.w.org\/{rel}","templated":true}]}}