{"id":348557,"date":"2026-08-21T21:58:15","date_gmt":"2026-08-21T21:58:15","guid":{"rendered":"https:\/\/www.europesays.com\/at\/348557\/"},"modified":"2026-08-21T21:58:15","modified_gmt":"2026-08-21T21:58:15","slug":"gak-1902-interimstrainer-standfest-ueber-var-regelung-ist-absurd","status":"publish","type":"post","link":"https:\/\/www.europesays.com\/at\/348557\/","title":{"rendered":"GAK 1902-Interimstrainer Standfest \u00fcber VAR: &#8222;Regelung ist absurd&#8220;"},"content":{"rendered":"<p>\t\t\t\t\t\t\t\t\t\t\t\t\t\t\t <img decoding=\"async\" src=\"https:\/\/www.europesays.com\/at\/wp-content\/uploads\/2026\/08\/1787341996_71_sv-ried.jpg\" alt=\"\"\/> <\/p>\n<p>\t\t\t\t\t\t\t\t\t\t\t\t\t\t\t <img decoding=\"async\" src=\"https:\/\/www.europesays.com\/at\/wp-content\/uploads\/2026\/08\/1787341997_123_gak.png\" alt=\"\"\/> <\/p>\n<p>Nach dem 0:8-Debakel in Wien-H\u00fctteldorf servierte der <a href=\"https:\/\/ticker.ligaportal.at\/mannschaft\/2278\/gak-1902\" rel=\"nofollow noopener\" target=\"_blank\">GAK 1902<\/a>\u00a0Coach Ferdinand Feldhofer ab und trat nun interimistisch mit Joachim Standfest an der Seitenlinie bei der <a href=\"https:\/\/ticker.ligaportal.at\/mannschaft\/1723\/sv-ried\" rel=\"nofollow noopener\" target=\"_blank\">SV Oberbank Ried<\/a> an. Der erhoffte Trainereffekt sollte in <a href=\"https:\/\/www.ligaportal.at\/bundesliga\/\" rel=\"nofollow noopener\" target=\"_blank\">Bundesliga<\/a>-Runde vier bei der 0:1-Niederlage im Innviertel allerdings ausbleiben. Nachfolgend die Stimmen der Steirer!<\/p>\n<p><img decoding=\"async\" src=\"https:\/\/www.europesays.com\/at\/wp-content\/uploads\/2026\/08\/standfest-joachim-gak-1902-trainer-in-ried-21-08-2026-schroeckelsberger.jpg\" alt=\"standfest joachim gak 1902 trainer in ried 21 08 2026 schroeckelsberger\"\/><\/p>\n<p>Wird es zwischen Standfest und den Roten etwas Festes oder kommt doch ein anderer?<\/p>\n<p>&#8222;&#8230;vom Budget her begrenzt&#8220;<\/p>\n<p>Rene Ziesler, Pr\u00e4sident Grazer AK 1902:<\/p>\n<p>\u2026vor dem Spiel zur Trainersuche: \u201eEr soll so erfolgreich wie m\u00f6glich sein. Wir sind vom Budget her begrenzt und uns ist einfach wichtig, dass eine Entwicklung in der Mannschaft stattfindet und das sollte der neue Mann tun. Ich hoffe, dass wir so schnell wie m\u00f6glich zu einer Entscheidung kommen. Ich kann nur sagen, es wird zeitnah eine Entscheidung geben.\u201c<\/p>\n<p>&#8222;&#8230;sehr zufrieden mit der Leistung&#8220;<\/p>\n<p>Joachim Standfest, Interimstrainer Grazer AK 1902:<\/p>\n<p>\u2026\u00fcber das Spiel: \u201eDie erste Halbzeit war schwierig mit dem Wind, aber wir haben eine gute Partie gespielt, wir haben ein Tor gemacht, das uns aberkannt worden ist und verlieren dann durch einen Elfmeter. Wir k\u00f6nnen uns jetzt wenig vorwerfen. Ich glaube, dass wir viel Luft nach oben haben, wir haben viele Fehler mit dem Ball gemacht und sind zu wenig in die Tiefe gekommen, aber mit all den Sachen, die passiert sind in den letzten Tagen, war das mehr als anst\u00e4ndig und so bl\u00f6d das klingt, bin ich sehr zufrieden mit der Leistung.\u201c<\/p>\n<p>\u2026\u00fcber die VAR-Unterbrechung: \u201eWenn man sechs Minuten checkt und den Schiedsrichter rausholt, das ist ja gegen das Spiel. Die Regelung ist absurd. Das macht das Spiel kaputt. Wie viele Kameras gibt es in England, in Deutschland, und wir haben vielleicht sechs oder acht.\u201c<\/p>\n<p>&#8222;&#8230;viele Gespr\u00e4che&#8220;\u00a0<\/p>\n<p>Andreas Lienhart, Interimssportdirektor Grazer AK 1902:<\/p>\n<p>\u2026\u00fcber die Trainersuche: \u201eMeiner Meinung nach hat der Kader auch die Qualit\u00e4t in der Bundesliga zu bestehen und wir werden hoffentlich auch zeitnah festlegen k\u00f6nnen, wer der neue Trainer sein wird. Es war unter der Woche meine Aufgabe, viele Gespr\u00e4che mit den Kandidaten zu f\u00fchren, auch mit Joachim Standfest. Ich denke, wir sind schon sehr weit in den Gespr\u00e4chen. <\/p>\n<p>Ich bin auch erst sehr kurz in der Rolle. Normalerweise ist es gl\u00fccklich, wenn ein Sportdirektor immer wieder Gespr\u00e4che mit Nachfolgekandidaten f\u00fchrt, da es ja auch sein kann, dass ein Trainer den Verein kurzfristig verl\u00e4sst und diese Zeit hatte ich leider noch nicht, aber ich habe sie jetzt in den letzten Tagen sehr intensiv genutzt.\u201c<\/p>\n<p><img decoding=\"async\" src=\"https:\/\/www.europesays.com\/at\/wp-content\/uploads\/2026\/08\/stankovic-cican-gak-1902-in-ried-21-08-2026-schroeckelsberger.jpg\" alt=\"stankovic cican gak 1902 in ried 21 08 2026 schroeckelsberger\"\/><\/p>\n<p>Schlussmann Stankovic (r.) und die Steirer unterlagen durch einen Strafsto\u00df.<\/p>\n<p>&#8222;&#8230;arbeiten gut mit ihm&#8220;\u00a0<\/p>\n<p>Alexander Hofleitner, St\u00fcrmer Grazer AK 1902:<\/p>\n<p>\u2026\u00fcber Joachim Standfest: \u201eNat\u00fcrlich rechnet man nie mit einer Trainerentlassung, aber der Joachim kennt uns gut und hat uns gut aufgefangen. Wir arbeiten gut mit ihm, er ist schon l\u00e4nger bei uns, er wei\u00df genau was wir tun, aber das werden nat\u00fcrlich die Verantwortlichen entscheiden, wie es weitergeht.\u201c<\/p>\n<p>&#8222;&#8230;nicht akzeptabel&#8220;\u00a0<\/p>\n<p>Peter Michorl, Mittelfeldspieler Grazer AK 1902:<\/p>\n<p>\u2026\u00fcber den Trainerwechsel: \u201eSo ein Trainerwechsel ist dann immer eine neue M\u00f6glichkeit f\u00fcr jeden, sich zu zeigen im Training und im Spiel. Es entwickelt neue Energien. Wir haben uns das alles so nicht vorgestellt. Wir wollten nat\u00fcrlich mit dem Trainer weitermachen, aber ein 0:8, irgendwo muss dann eine Reaktion folgen und im Fu\u00dfball ist der Trainer leider das schw\u00e4chste Glied. Ein Ausrutscher ja, aber ein Ausrutscher in dieser H\u00f6he ist einfach nicht akzeptabel.\u201c<\/p>\n<p>Siehe auch:<\/p>\n<p>Statement-Quelle: Sky Sport Austria<br \/>Fotocredit: Reinhard Schr\u00f6ckelsberger<\/p>\n","protected":false},"excerpt":{"rendered":"Nach dem 0:8-Debakel in Wien-H\u00fctteldorf servierte der GAK 1902\u00a0Coach Ferdinand Feldhofer ab und trat nun interimistisch mit Joachim&hellip;\n","protected":false},"author":2,"featured_media":348558,"comment_status":"","ping_status":"","sticky":false,"template":"","format":"standard","meta":{"footnotes":"","_share_on_mastodon":"0"},"categories":[8],"tags":[112,18461,40,41,39,38,57509,88756],"class_list":["post-348557","post","type-post","status-publish","format-standard","has-post-thumbnail","category-nachrichten","tag-gak-1902","tag-joachim-standfest","tag-nachrichten","tag-news","tag-schlagzeilen","tag-top-meldungen","tag-trainersuche","tag-var-regelung"],"share_on_mastodon":{"url":"https:\/\/pubeurope.com\/@at\/117135744559921845","error":""},"_links":{"self":[{"href":"https:\/\/www.europesays.com\/at\/wp-json\/wp\/v2\/posts\/348557","targetHints":{"allow":["GET"]}}],"collection":[{"href":"https:\/\/www.europesays.com\/at\/wp-json\/wp\/v2\/posts"}],"about":[{"href":"https:\/\/www.europesays.com\/at\/wp-json\/wp\/v2\/types\/post"}],"author":[{"embeddable":true,"href":"https:\/\/www.europesays.com\/at\/wp-json\/wp\/v2\/users\/2"}],"replies":[{"embeddable":true,"href":"https:\/\/www.europesays.com\/at\/wp-json\/wp\/v2\/comments?post=348557"}],"version-history":[{"count":0,"href":"https:\/\/www.europesays.com\/at\/wp-json\/wp\/v2\/posts\/348557\/revisions"}],"wp:featuredmedia":[{"embeddable":true,"href":"https:\/\/www.europesays.com\/at\/wp-json\/wp\/v2\/media\/348558"}],"wp:attachment":[{"href":"https:\/\/www.europesays.com\/at\/wp-json\/wp\/v2\/media?parent=348557"}],"wp:term":[{"taxonomy":"category","embeddable":true,"href":"https:\/\/www.europesays.com\/at\/wp-json\/wp\/v2\/categories?post=348557"},{"taxonomy":"post_tag","embeddable":true,"href":"https:\/\/www.europesays.com\/at\/wp-json\/wp\/v2\/tags?post=348557"}],"curies":[{"name":"wp","href":"https:\/\/api.w.org\/{rel}","templated":true}]}}