{"id":349387,"date":"2026-08-22T08:59:12","date_gmt":"2026-08-22T08:59:12","guid":{"rendered":"https:\/\/www.europesays.com\/at\/349387\/"},"modified":"2026-08-22T08:59:12","modified_gmt":"2026-08-22T08:59:12","slug":"fuenf-spannende-outdoor-filme-im-park-kino","status":"publish","type":"post","link":"https:\/\/www.europesays.com\/at\/349387\/","title":{"rendered":"F\u00fcnf spannende Outdoor-Filme im Park-Kino"},"content":{"rendered":"<p>Die seit vielen Jahren in der internationalen Bergsport-Szene etablierte und mit einer geh\u00f6rigen Portion Charme und Elan ausgestattete Bayerisch Gmainerin Ines Papert wird pers\u00f6nlich ihren Film \u00bbFifty-fifty\u00ab pr\u00e4sentieren. Die vier weiteren Filme werden vom Team des Alpen Film Festivals vorgestellt. Der Hauptfilm \u00bbNanga Parbat \u2013 Echoes of Sisyphus\u00ab ist der gro\u00dfe alpinistische und philosophische Fixpunkt des Abends: Ein Film, der die Zuschauer mitnimmt in die Todeszone und das Mindset eines Alpinisten, der zw\u00f6lf Jahre am selben Berg k\u00e4mpfte. Die Kamera geht dabei jeden Schritt und jeden Atemzug in Bereiche mit, in denen noch nie zuvor eine Kamera war.<\/p>\n<p>Der Extrem-Bergsteiger David G\u00f6ttler (48) steht an der Spitze des internationalen H\u00f6henbergsteigens. Doch er riskiert Karriere, Ansehen und Respekt, als er \u00fcber zw\u00f6lf Jahre hinweg am selben Berg scheitert: Keine Tr\u00e4ger, keinerlei Hilfe, nur er allein und die gr\u00f6\u00dfte Wand der Erde. In \u00bbNanga Parbat\u00ab wird erz\u00e4hlt, was es bedeutet, am \u00bbSchicksalsberg der Deutschen\u00ab zu scheitern \u2013 bis es gelingt? Die Macher des Programms sind live vor Ort, um \u00fcber das filmische Erleben hinaus mit dem Publikum den Bergfilm zu feiern.\n<\/p>\n<p>\u00bbEin ganz normales Leben\u00ab portr\u00e4tiert ein bergnarrisches Ehepaar, das seit rund 60 Jahren gemeinsam klettert, reist, trainiert und Abenteuer erlebt. Der Film ist heiter, ber\u00fchrend und \u00fcberraschend tief: eine Reflexion dar\u00fcber, wie Freiheit, Liebe, Verantwortung und gelebte Werte \u00fcber ein ganzes Leben hinweg zusammenfinden k\u00f6nnen.<\/p>\n<p>\u00bbSteile Karrieren\u00ab richtet den Blick auf die Arbeit am Bergwald. Die Pflege und Sanierung eines intakten Schutzwaldes ist kein schneller Erfolg, sondern ein Generationenprojekt. Der Film zeigt, wie viel Geduld, Wissen und Verantwortung n\u00f6tig sind, damit Bergregionen auch in Zukunft gesch\u00fctzt bleiben.<\/p>\n<p>In \u00bbFifty-fifty\u00ab stehen die Alpinistinnen Ines Papert und Sarah Hueniken im Mittelpunkt. Der Film erz\u00e4hlt von Seilschaft als etwas, das weit \u00fcber gemeinsames Klettern hinausgeht. Eine gute Seilschaft ist Vertrauen, Verst\u00e4ndnis, gegenseitige St\u00e4rkung. Papert und Hueniken zeigen, dass Erfahrung, Reife und Freundschaft eine eigene Kraft entfalten \u2014 und dass Alter im Bergsport nicht das Ende von M\u00f6glichkeiten bedeutet, sondern manchmal erst deren Vertiefung.<\/p>\n<p>Den Film \u00bbFathom\u00ab h\u00e4tte es eigentlich nie geben sollen. Die Br\u00fcder Jakob und Matthias Weger werden in den Dolomiten von einem Schneebrett erfasst. Aus einem Freeride-Abenteuer wird eine Konfrontation mit der Realit\u00e4t des Risikos. Der Film fragt, ob Bergsportfilme nur Heldengeschichten erz\u00e4hlen d\u00fcrfen \u2013 oder ob sie auch die bitteren Momente zeigen m\u00fcssen, aus denen echtes Lernen entsteht.<\/p>\n<p>Das gut 120-min\u00fctige Programm wird von den Machern des Festivals, allesamt solide Bergmenschen, live moderiert.<\/p>\n<p>Tickets gibt es unter Telefon 08651\/2715 und \u00fcber www.park-kino.de. fb<\/p>\n","protected":false},"excerpt":{"rendered":"Die seit vielen Jahren in der internationalen Bergsport-Szene etablierte und mit einer geh\u00f6rigen Portion Charme und Elan ausgestattete&hellip;\n","protected":false},"author":2,"featured_media":349388,"comment_status":"","ping_status":"","sticky":false,"template":"","format":"standard","meta":{"footnotes":"","_share_on_mastodon":"0"},"categories":[23],"tags":[46,42,2917,88953,151,147,152,88952,150,40,41,44,56660,88954,148],"class_list":["post-349387","post","type-post","status-publish","format-standard","has-post-thumbnail","category-kino","tag-at","tag-austria","tag-berchtesgaden","tag-chiemgau","tag-cinema","tag-entertainment","tag-kino","tag-landkreis-traunstein","tag-movie","tag-nachrichten","tag-news","tag-oesterreich","tag-traunstein","tag-traunsteiner-tagblatt","tag-unterhaltung"],"share_on_mastodon":{"url":"https:\/\/pubeurope.com\/@at\/117138342719728202","error":""},"_links":{"self":[{"href":"https:\/\/www.europesays.com\/at\/wp-json\/wp\/v2\/posts\/349387","targetHints":{"allow":["GET"]}}],"collection":[{"href":"https:\/\/www.europesays.com\/at\/wp-json\/wp\/v2\/posts"}],"about":[{"href":"https:\/\/www.europesays.com\/at\/wp-json\/wp\/v2\/types\/post"}],"author":[{"embeddable":true,"href":"https:\/\/www.europesays.com\/at\/wp-json\/wp\/v2\/users\/2"}],"replies":[{"embeddable":true,"href":"https:\/\/www.europesays.com\/at\/wp-json\/wp\/v2\/comments?post=349387"}],"version-history":[{"count":0,"href":"https:\/\/www.europesays.com\/at\/wp-json\/wp\/v2\/posts\/349387\/revisions"}],"wp:featuredmedia":[{"embeddable":true,"href":"https:\/\/www.europesays.com\/at\/wp-json\/wp\/v2\/media\/349388"}],"wp:attachment":[{"href":"https:\/\/www.europesays.com\/at\/wp-json\/wp\/v2\/media?parent=349387"}],"wp:term":[{"taxonomy":"category","embeddable":true,"href":"https:\/\/www.europesays.com\/at\/wp-json\/wp\/v2\/categories?post=349387"},{"taxonomy":"post_tag","embeddable":true,"href":"https:\/\/www.europesays.com\/at\/wp-json\/wp\/v2\/tags?post=349387"}],"curies":[{"name":"wp","href":"https:\/\/api.w.org\/{rel}","templated":true}]}}