{"id":350845,"date":"2026-08-23T06:40:10","date_gmt":"2026-08-23T06:40:10","guid":{"rendered":"https:\/\/www.europesays.com\/at\/350845\/"},"modified":"2026-08-23T06:40:10","modified_gmt":"2026-08-23T06:40:10","slug":"ihm-gelang-wm-rekord-k-o-ex-boxweltmeister-tete-im-auto-erschossen","status":"publish","type":"post","link":"https:\/\/www.europesays.com\/at\/350845\/","title":{"rendered":"Ihm gelang WM-Rekord-K.o.: Ex-Boxweltmeister Tete im Auto erschossen"},"content":{"rendered":"<p>Ihm gelang WM-Rekord-K.o.Ex-Boxweltmeister Tete im Auto erschossen<\/p>\n<p>Artikel anh\u00f6ren (02:07 min)<\/p>\n<p>22.08.2026 | 14:55 Uhr <\/p>\n<p>Zolani Tete ist einer der erfolgreichsten Boxer S\u00fcdafrikas, er wird Weltmeister in zwei Gewichtsklassen und h\u00e4lt einen K.o.-Rekord. Doch kurz vor seiner R\u00fcckkehr in den Ring wird Tete erschossen.<\/p>\n<p class=\"Typography_text-default__P3otY Typography_weight-normal__pqUbH StorylineParagraph_p__4mkZU\">Die Boxwelt trauert um Zolani Tete: Der ehemalige Boxweltmeister wurde vor seinem Haus erschossen. Wie lokale Medien unter Berufung auf den Polizeibericht berichten, sa\u00df in seinem Auto und wartete darauf, dass sich die Tore \u00f6ffneten, als zwei maskierte Angreifer aus einem Fahrzeug stiegen und das Feuer auf den Boxer er\u00f6ffneten. <\/p>\n<p class=\"Typography_text-default__P3otY Typography_weight-normal__pqUbH StorylineParagraph_p__4mkZU\">Tetes 27-j\u00e4hrige Beifahrerin wurde mit Schussverletzungen ins Krankenhaus gebracht. Ihr Zustand ist derzeit unklar. Tete wurde noch am Unfallort f\u00fcr tot erkl\u00e4rt. Er wurde nur 38 Jahre alt. Die T\u00e4ter fl\u00fcchteten unerkannt vom Tatort.<\/p>\n<p class=\"Typography_text-default__P3otY Typography_weight-normal__pqUbH StorylineParagraph_p__4mkZU\">&#8222;Die World Boxing Organisation trauert um den tragischen Tod des ehemaligen WBO-Weltmeisters im Bantamgewicht, Zolani &#8218;Last Born&#8216; Tete. Wir sprechen seiner Familie, seinen Freunden, seinen Angeh\u00f6rigen und der gesamten s\u00fcdafrikanischen Boxgemeinschaft in dieser unglaublich schweren Zeit unser tiefstes Beileid aus. Ruhe in Frieden, Champion&#8220;, schrieb der Verband WBO.<\/p>\n<p>&#8222;Jemand wei\u00df, wer das getan hat&#8220;<\/p>\n<p class=\"Typography_text-default__P3otY Typography_weight-normal__pqUbH StorylineParagraph_p__4mkZU\">Zolani Tete war einer der erfolgreichsten Boxer S\u00fcdafrikas und zweifacher Weltmeister im Halbbantamgewicht (IBF) und im Bantamgewicht (WBO). 2017 erzielte er den schnellsten K.o. der Boxgeschichte in einem Titelkampf um einen Weltmeistertitel, als er Siboniso Gonya nach nur elf Sekunden niederstreckte. Seinen letzten Kampf bestritt er im Juli 2022 und war nach einer vierj\u00e4hrigen Dopingsperre auf dem Weg zur\u00fcck in den Ring.<\/p>\n<p class=\"Typography_text-default__P3otY Typography_weight-normal__pqUbH StorylineParagraph_p__4mkZU\">S\u00fcdafrikas Sportminister Gayton McKenzie will die T\u00e4ter schnell zur Rechenschaft ziehen: &#8222;Ich appelliere an jeden, der etwas gesehen, etwas wei\u00df oder etwas geh\u00f6rt hat, sich zu melden. Jemand in dieser Gemeinde wei\u00df, wer das getan hat&#8220;, schrieb er.<\/p>\n<p>Verwendete Quellen: ntv.de, ter<\/p>\n","protected":false},"excerpt":{"rendered":"Ihm gelang WM-Rekord-K.o.Ex-Boxweltmeister Tete im Auto erschossen Artikel anh\u00f6ren (02:07 min) 22.08.2026 | 14:55 Uhr Zolani Tete ist&hellip;\n","protected":false},"author":2,"featured_media":350846,"comment_status":"","ping_status":"","sticky":false,"template":"","format":"standard","meta":{"footnotes":"","_share_on_mastodon":"0"},"categories":[18],"tags":[46,42,42968,44,109,108],"class_list":["post-350845","post","type-post","status-publish","format-standard","has-post-thumbnail","category-sport","tag-at","tag-austria","tag-boxen","tag-oesterreich","tag-sport","tag-sports"],"share_on_mastodon":{"url":"https:\/\/pubeurope.com\/@at\/117143459126478405","error":""},"_links":{"self":[{"href":"https:\/\/www.europesays.com\/at\/wp-json\/wp\/v2\/posts\/350845","targetHints":{"allow":["GET"]}}],"collection":[{"href":"https:\/\/www.europesays.com\/at\/wp-json\/wp\/v2\/posts"}],"about":[{"href":"https:\/\/www.europesays.com\/at\/wp-json\/wp\/v2\/types\/post"}],"author":[{"embeddable":true,"href":"https:\/\/www.europesays.com\/at\/wp-json\/wp\/v2\/users\/2"}],"replies":[{"embeddable":true,"href":"https:\/\/www.europesays.com\/at\/wp-json\/wp\/v2\/comments?post=350845"}],"version-history":[{"count":0,"href":"https:\/\/www.europesays.com\/at\/wp-json\/wp\/v2\/posts\/350845\/revisions"}],"wp:featuredmedia":[{"embeddable":true,"href":"https:\/\/www.europesays.com\/at\/wp-json\/wp\/v2\/media\/350846"}],"wp:attachment":[{"href":"https:\/\/www.europesays.com\/at\/wp-json\/wp\/v2\/media?parent=350845"}],"wp:term":[{"taxonomy":"category","embeddable":true,"href":"https:\/\/www.europesays.com\/at\/wp-json\/wp\/v2\/categories?post=350845"},{"taxonomy":"post_tag","embeddable":true,"href":"https:\/\/www.europesays.com\/at\/wp-json\/wp\/v2\/tags?post=350845"}],"curies":[{"name":"wp","href":"https:\/\/api.w.org\/{rel}","templated":true}]}}