{"id":351064,"date":"2026-08-23T09:05:21","date_gmt":"2026-08-23T09:05:21","guid":{"rendered":"https:\/\/www.europesays.com\/at\/351064\/"},"modified":"2026-08-23T09:05:21","modified_gmt":"2026-08-23T09:05:21","slug":"harrys-und-meghans-wachsfiguren-sind-schon-umgezogen","status":"publish","type":"post","link":"https:\/\/www.europesays.com\/at\/351064\/","title":{"rendered":"Harrys und Meghans Wachsfiguren sind schon umgezogen"},"content":{"rendered":"<p class=\"content__description\" data-speakable=\"\">W\u00e4hrend gef\u00fchlt ganz Gro\u00dfbritannien \u00fcber den geplanten Umzug von Prinz Harry und Herzogin Meghan diskutiert, hat sich das Londoner Madame Tussauds einen Scherz erlaubt. Die Wachsfiguren des Paares sind neu ausgestattet worden.<\/p>\n<p data-speakable=\"\">Es wird erwartet, dass <a data-component-name=\"link.semantic\" data-brain-zone=\".42639040.content.textlink_2\" data-component-path=\"content.textlink_2\" href=\"https:\/\/www.gmx.at\/magazine\/unterhaltung\/thema\/prinz-harry\" rel=\"nofollow noopener\" target=\"_blank\">Prinz Harry<\/a> (41) und <a data-component-name=\"link.semantic\" data-brain-zone=\".42639040.content.textlink_3\" data-component-path=\"content.textlink_3\" href=\"https:\/\/www.gmx.at\/magazine\/unterhaltung\/thema\/herzogin-meghan\" rel=\"nofollow noopener\" target=\"_blank\">Herzogin Meghan<\/a> (45) noch in diesem Monat zur\u00fcck in die Heimat des Sohnes von K\u00f6nig Charles III. (77) ziehen. W\u00e4hrend die Sussexes mit ihren Kindern Prinz Archie (7) und Prinzessin Lilibet (5) wohl so langsam in den USA f\u00fcr ihren Umzug nach Gro\u00dfbritannien packen, sind die Wachsfiguren des Paares schon neu ausgestattet in London zu sehen.<\/p>\n<p data-speakable=\"\">Auf <a target=\"_blank\" data-brain-zone=\".42639040.content.textlink_4\" data-component-path=\"content.textlink_4\" data-component-name=\"link.external\" rel=\"noopener nofollow\" href=\"https:\/\/www.instagram.com\/p\/DcS5gGMmyvv\/?hl=de&amp;img_index=1\">Instagram teilt Madame Tussauds mit<\/a>, dass man die Royals dort bereits empfangen hat. &#8222;Hat da jemand gesagt, sie kommen nach Hause?&#8220;, fragt das bekannte Londoner Wachsfigurenkabinett auf der Social-Media-Plattform und teilt ein Foto, das die beiden Figuren von Harry und Meghan mit Reisekoffern zeigt. Sie stehen vor einem Gardisten in voller Aufmachung, \u00e4hnlich wie man sie als Wachen vor dem Buckingham-Palast kennt.<\/p>\n<p data-speakable=\"\">&#8222;Anl\u00e4sslich der \u00fcberraschenden Nachricht von der R\u00fcckkehr von Prinz Harry und Meghan nach <a data-component-name=\"link.semantic\" data-brain-zone=\".42639040.content.textlink_5\" data-component-path=\"content.textlink_5\" href=\"https:\/\/www.gmx.at\/magazine\/reise\/thema\/grossbritannien\" rel=\"nofollow noopener\" target=\"_blank\">Gro\u00dfbritannien<\/a> haben wir dem Herzog und der Herzogin von Sussex bei Madame Tussauds <a data-component-name=\"link.semantic\" data-brain-zone=\".42639040.content.textlink_6\" data-component-path=\"content.textlink_6\" href=\"https:\/\/www.gmx.at\/magazine\/reise\/thema\/london\" rel=\"nofollow noopener\" target=\"_blank\">London<\/a> einen typisch britischen Empfang bereitet&#8220;, scherzt das Wachsfigurenkabinett. <\/p>\n<p data-speakable=\"\">Mit gepackten Koffern h\u00e4tten die beiden &#8222;ihren Platz inmitten der gr\u00f6\u00dften britischen Ikonen eingenommen und auf dem Weg dorthin sogar f\u00fcr ein Foto mit einer K\u00f6niglichen Wache Halt gemacht&#8220;. Prinz Harrys Wachsfigur hat seine Wachs-Meghan bereits seit rund acht Jahren. Wenige Tage vor der Hochzeit des echten Paares im Jahr 2018 wurde damals in London eine Wachsfigur der Herzogin enth\u00fcllt.<\/p>\n<p>Empfehlungen der Redaktion<\/p>\n<p>Harry und Meghan sollen nicht in London wohnen<\/p>\n<p data-speakable=\"\">In London werden Harry und Meghan aber voraussichtlich nicht leben, wie britische Medien zuletzt berichtet haben. Es wird vermutet, dass die kleine Familie wom\u00f6glich in den Cotswolds oder der Region um Northampton, in der N\u00e4he von Althorp House, wohnen k\u00f6nnte, erkl\u00e4rte <a target=\"_blank\" data-brain-zone=\".42639040.content.textlink_7\" data-component-path=\"content.textlink_7\" data-component-name=\"link.external\" rel=\"noopener nofollow\" href=\"https:\/\/www.bbc.com\/news\/articles\/cqjxn9j410vo\">die BBC-Royal-Korrespondentin Daniela Relph<\/a> k\u00fcrzlich. Dabei handelt es sich um den Landsitz der Spencers, der Familie von Prinz Harrys verstorbener Mutter Prinzessin Diana (1961-1997).<\/p>\n<p data-speakable=\"\">Weiter wird angenommen, dass das Paar mit seinen Kindern nicht in ein Anwesen ziehen wird, das der britischen K\u00f6nigsfamilie geh\u00f6rt. Ein Zuhause sollen sie aber schon gefunden haben. Aus Sicherheitsgr\u00fcnden soll au\u00dferdem nicht mitgeteilt werden, wo sie genau wohnen werden. (wue\/spot)\u00a0<br \/>\n\u00a9 spot on news\n<\/p>\n<p><script async src=\"\/\/www.instagram.com\/embed.js\"><\/script><\/p>\n","protected":false},"excerpt":{"rendered":"W\u00e4hrend gef\u00fchlt ganz Gro\u00dfbritannien \u00fcber den geplanten Umzug von Prinz Harry und Herzogin Meghan diskutiert, hat sich das&hellip;\n","protected":false},"author":2,"featured_media":351065,"comment_status":"","ping_status":"","sticky":false,"template":"","format":"standard","meta":{"footnotes":"","_share_on_mastodon":"0"},"categories":[27],"tags":[46,42,175,147,1415,72453,943,44,2969,176,44111,148],"class_list":["post-351064","post","type-post","status-publish","format-standard","has-post-thumbnail","category-prominente","tag-at","tag-austria","tag-celebrities","tag-entertainment","tag-grossbritannien","tag-herzogin-meghan","tag-london","tag-oesterreich","tag-prinz-harry","tag-prominente","tag-umzug","tag-unterhaltung"],"share_on_mastodon":{"url":"https:\/\/pubeurope.com\/@at\/117144028556508625","error":""},"_links":{"self":[{"href":"https:\/\/www.europesays.com\/at\/wp-json\/wp\/v2\/posts\/351064","targetHints":{"allow":["GET"]}}],"collection":[{"href":"https:\/\/www.europesays.com\/at\/wp-json\/wp\/v2\/posts"}],"about":[{"href":"https:\/\/www.europesays.com\/at\/wp-json\/wp\/v2\/types\/post"}],"author":[{"embeddable":true,"href":"https:\/\/www.europesays.com\/at\/wp-json\/wp\/v2\/users\/2"}],"replies":[{"embeddable":true,"href":"https:\/\/www.europesays.com\/at\/wp-json\/wp\/v2\/comments?post=351064"}],"version-history":[{"count":0,"href":"https:\/\/www.europesays.com\/at\/wp-json\/wp\/v2\/posts\/351064\/revisions"}],"wp:featuredmedia":[{"embeddable":true,"href":"https:\/\/www.europesays.com\/at\/wp-json\/wp\/v2\/media\/351065"}],"wp:attachment":[{"href":"https:\/\/www.europesays.com\/at\/wp-json\/wp\/v2\/media?parent=351064"}],"wp:term":[{"taxonomy":"category","embeddable":true,"href":"https:\/\/www.europesays.com\/at\/wp-json\/wp\/v2\/categories?post=351064"},{"taxonomy":"post_tag","embeddable":true,"href":"https:\/\/www.europesays.com\/at\/wp-json\/wp\/v2\/tags?post=351064"}],"curies":[{"name":"wp","href":"https:\/\/api.w.org\/{rel}","templated":true}]}}