{"id":351490,"date":"2026-08-23T14:07:10","date_gmt":"2026-08-23T14:07:10","guid":{"rendered":"https:\/\/www.europesays.com\/at\/351490\/"},"modified":"2026-08-23T14:07:10","modified_gmt":"2026-08-23T14:07:10","slug":"dfb-kontrollausschuss-untersucht-ausschreitungen-in-mannheim","status":"publish","type":"post","link":"https:\/\/www.europesays.com\/at\/351490\/","title":{"rendered":"DFB-Kontrollausschuss untersucht Ausschreitungen in Mannheim"},"content":{"rendered":"<p> <img decoding=\"async\" src=\"https:\/\/www.europesays.com\/at\/wp-content\/uploads\/2026\/08\/da53d0fefe3d51ec4e8657a3267958ac9564075e.jpg\" alt=\"\"\/> <\/p>\n<p>\t\t\t\t\tNach den schweren Ausschreitungen rund um das DFB-Pokalspiel zwischen Waldhof Mannheim und dem 1. FC Kaiserslautern drohen den Klubs sportrechtliche Konsequenzen. Der Deutsche Fu\u00dfball-Bund (DFB) best\u00e4tigte auf SID-Anfrage eine Untersuchung der Vorf\u00e4lle durch den Kontrollausschuss.<\/p>\n<p><img decoding=\"async\" src=\"https:\/\/www.europesays.com\/at\/wp-content\/uploads\/2026\/08\/5c5cffb5c1f2667733cc485fa37dd5c7fd3bfb55.jpg\" alt=\"Gro\u00dfeinsatz in Mannheim (Foto: foto2press\/picture-alliance\/foto2press\/picture-alliance\/SID\/foto2press)\"\/><\/p>\n<p>Gro\u00dfeinsatz in Mannheim<\/p>\n<p>Foto: foto2press\/picture-alliance\/foto2press\/picture-alliance\/SID\/foto2press<\/p>\n<p>Das von massiven Ausschreitungen \u00fcberschattete S\u00fcdwest-Derby hatte Zweitligist Kaiserslautern 1:0 nach Verl\u00e4ngerung beim benachbarten Drittligisten gewonnen. 35 Polizisten sind dabei leicht verletzt worden. Auch 85 Fans mussten nach Angaben des Pr\u00e4sidiums Mannheim medizinisch betreut werden, acht von ihnen kamen in ein Krankenhaus. Es gab mehrere Festnahmen. 1400 Polizeibeamtinnen und -beamte sind im Einsatz gewesen.<\/p>\n<p>Mit Abpfiff der regul\u00e4ren Spielzeit waren die Spieler beider Mannschaften aneinandergeraten, dann schossen Fans Raketen auf das Spielfeld und die Haupttrib\u00fcne. Einige Mannheimer Anh\u00e4nger st\u00fcrmten auf den Platz. Auch berittene Polizei kamen auf den Rasen. Die Begegnung stand dicht vor dem Abbruch. Bereits weit vor dem Anpfiff waren Raketen gez\u00fcndet worden.<\/p>\n<p class=\"text-secondary\">\u00a9 2026 SID<\/p>\n","protected":false},"excerpt":{"rendered":"Nach den schweren Ausschreitungen rund um das DFB-Pokalspiel zwischen Waldhof Mannheim und dem 1. FC Kaiserslautern drohen den&hellip;\n","protected":false},"author":2,"featured_media":351491,"comment_status":"","ping_status":"","sticky":false,"template":"","format":"standard","meta":{"footnotes":"","_share_on_mastodon":"0"},"categories":[8],"tags":[89407,89406,89408,40,41,39,38,89409],"class_list":["post-351490","post","type-post","status-publish","format-standard","has-post-thumbnail","category-nachrichten","tag-ausschreitungen-mannheim","tag-dfb-kontrollausschuss","tag-dfb-pokalspiel","tag-nachrichten","tag-news","tag-schlagzeilen","tag-top-meldungen","tag-waldhof-mannheim"],"share_on_mastodon":{"url":"https:\/\/pubeurope.com\/@at\/117145217151705749","error":""},"_links":{"self":[{"href":"https:\/\/www.europesays.com\/at\/wp-json\/wp\/v2\/posts\/351490","targetHints":{"allow":["GET"]}}],"collection":[{"href":"https:\/\/www.europesays.com\/at\/wp-json\/wp\/v2\/posts"}],"about":[{"href":"https:\/\/www.europesays.com\/at\/wp-json\/wp\/v2\/types\/post"}],"author":[{"embeddable":true,"href":"https:\/\/www.europesays.com\/at\/wp-json\/wp\/v2\/users\/2"}],"replies":[{"embeddable":true,"href":"https:\/\/www.europesays.com\/at\/wp-json\/wp\/v2\/comments?post=351490"}],"version-history":[{"count":0,"href":"https:\/\/www.europesays.com\/at\/wp-json\/wp\/v2\/posts\/351490\/revisions"}],"wp:featuredmedia":[{"embeddable":true,"href":"https:\/\/www.europesays.com\/at\/wp-json\/wp\/v2\/media\/351491"}],"wp:attachment":[{"href":"https:\/\/www.europesays.com\/at\/wp-json\/wp\/v2\/media?parent=351490"}],"wp:term":[{"taxonomy":"category","embeddable":true,"href":"https:\/\/www.europesays.com\/at\/wp-json\/wp\/v2\/categories?post=351490"},{"taxonomy":"post_tag","embeddable":true,"href":"https:\/\/www.europesays.com\/at\/wp-json\/wp\/v2\/tags?post=351490"}],"curies":[{"name":"wp","href":"https:\/\/api.w.org\/{rel}","templated":true}]}}