{"id":352300,"date":"2026-08-24T02:33:13","date_gmt":"2026-08-24T02:33:13","guid":{"rendered":"https:\/\/www.europesays.com\/at\/352300\/"},"modified":"2026-08-24T02:33:13","modified_gmt":"2026-08-24T02:33:13","slug":"weiter-ohne-sieg-st-pauli-scheidet-in-essen-aus","status":"publish","type":"post","link":"https:\/\/www.europesays.com\/at\/352300\/","title":{"rendered":"Weiter ohne Sieg: St. Pauli scheidet in Essen aus"},"content":{"rendered":"<p> <img decoding=\"async\" src=\"https:\/\/www.europesays.com\/at\/wp-content\/uploads\/2026\/08\/c0800db4e949906848f633a52dada0be2797ac48.jpg\" alt=\"\"\/> <\/p>\n<p>\t\t\t\t\tNach dem Stotterstart in die Zweitklassigkeit ist Bundesliga-Absteiger FC St. Pauli schon fr\u00fch im DFB-Pokal gescheitert. Beim Fu\u00dfball-Drittligisten Rot-Weiss Essen unterlagen die Hamburger 0:2 (0:1) und schieden erstmals seit sechs Jahren wieder in der ersten Runde aus. <\/p>\n<p><img decoding=\"async\" src=\"https:\/\/www.europesays.com\/at\/wp-content\/uploads\/2026\/08\/b2f6efc729186563bc1daf6f6240012ac092b24e.jpg\" alt=\"Zweikampf im Pokalduell in Essen (Foto: picture-alliance\/DeFodi Images\/picture-alliance\/DeFodi Images\/SID\/Ralf Treese)\"\/><\/p>\n<p>Zweikampf im Pokalduell in Essen<\/p>\n<p>Foto: picture-alliance\/DeFodi Images\/picture-alliance\/DeFodi Images\/SID\/Ralf Treese<\/p>\n<p>Damit wartet das Team von Trainer Marcel Rapp weiter auf den ersten Pflichtspielsieg der Saison. In der 2. Liga gab es lediglich Unentschieden gegen die SpVgg Greuther F\u00fcrth (1:1) und bei Holstein Kiel (2:2).<\/p>\n<p>Die Essener, Pokalsieger von 1953, zogen dagegen zum ersten Mal seit 2000 in die zweite Runde ein. Marek Janssen brachte den Beinahe-Aufsteiger, der in der Zweitliga-Relegation an F\u00fcrth gescheitert war, im Stadion an der Hafenstra\u00dfe in F\u00fchrung (36.). Semir Telalovic erh\u00f6hte kurz nach der Pause (53.). Vor einem Jahr war RWE trotz starker Leistung gegen Borussia Dortmund (0:1) ausgeschieden.<\/p>\n<p>&#8222;Wir hatten in der ersten Halbzeit viele Chancen, der springende Punkt war die Chancenverwertung&#8220;, sagte Rapp bei Sky, &#8222;in der zweiten Halbzeit waren wir fu\u00dfballerisch nicht gut genug.&#8220; <\/p>\n<p>St. Pauli hatte in der ersten H\u00e4lfte die besseren Torchancen, doch Martijn Kaars scheiterte gleich zweimal in aussichtsreicher Position (19.\/31.). Auf der Gegenseite verwertete Janssen eine Flanke von Marvin Obuz per Kopf zum 1:0. Nach dem zweiten Gegentreffer waren die G\u00e4ste sichtlich geschockt, offensiv fiel den Hamburgern wenig ein, Essen hatte das Spiel im Griff.<\/p>\n<p class=\"text-secondary\">\u00a9 2026 SID<\/p>\n","protected":false},"excerpt":{"rendered":"Nach dem Stotterstart in die Zweitklassigkeit ist Bundesliga-Absteiger FC St. Pauli schon fr\u00fch im DFB-Pokal gescheitert. Beim Fu\u00dfball-Drittligisten&hellip;\n","protected":false},"author":2,"featured_media":352301,"comment_status":"","ping_status":"","sticky":false,"template":"","format":"standard","meta":{"footnotes":"","_share_on_mastodon":"0"},"categories":[8],"tags":[8263,89536,40,41,45747,39,17479,38],"class_list":["post-352300","post","type-post","status-publish","format-standard","has-post-thumbnail","category-nachrichten","tag-dfb-pokal","tag-marcel-rapp","tag-nachrichten","tag-news","tag-rot-weiss-essen","tag-schlagzeilen","tag-st-pauli","tag-top-meldungen"],"share_on_mastodon":{"url":"https:\/\/pubeurope.com\/@at\/117148150077419641","error":""},"_links":{"self":[{"href":"https:\/\/www.europesays.com\/at\/wp-json\/wp\/v2\/posts\/352300","targetHints":{"allow":["GET"]}}],"collection":[{"href":"https:\/\/www.europesays.com\/at\/wp-json\/wp\/v2\/posts"}],"about":[{"href":"https:\/\/www.europesays.com\/at\/wp-json\/wp\/v2\/types\/post"}],"author":[{"embeddable":true,"href":"https:\/\/www.europesays.com\/at\/wp-json\/wp\/v2\/users\/2"}],"replies":[{"embeddable":true,"href":"https:\/\/www.europesays.com\/at\/wp-json\/wp\/v2\/comments?post=352300"}],"version-history":[{"count":0,"href":"https:\/\/www.europesays.com\/at\/wp-json\/wp\/v2\/posts\/352300\/revisions"}],"wp:featuredmedia":[{"embeddable":true,"href":"https:\/\/www.europesays.com\/at\/wp-json\/wp\/v2\/media\/352301"}],"wp:attachment":[{"href":"https:\/\/www.europesays.com\/at\/wp-json\/wp\/v2\/media?parent=352300"}],"wp:term":[{"taxonomy":"category","embeddable":true,"href":"https:\/\/www.europesays.com\/at\/wp-json\/wp\/v2\/categories?post=352300"},{"taxonomy":"post_tag","embeddable":true,"href":"https:\/\/www.europesays.com\/at\/wp-json\/wp\/v2\/tags?post=352300"}],"curies":[{"name":"wp","href":"https:\/\/api.w.org\/{rel}","templated":true}]}}