{"id":354151,"date":"2026-08-24T23:49:17","date_gmt":"2026-08-24T23:49:17","guid":{"rendered":"https:\/\/www.europesays.com\/at\/354151\/"},"modified":"2026-08-24T23:49:17","modified_gmt":"2026-08-24T23:49:17","slug":"eset-auf-der-ifa-2026-digitale-souveraenitaet-beginnt-im-wohnzimmer","status":"publish","type":"post","link":"https:\/\/www.europesays.com\/at\/354151\/","title":{"rendered":"ESET auf der IFA 2026: Digitale Souver\u00e4nit\u00e4t beginnt im Wohnzimmer"},"content":{"rendered":"<p>pts20260824014 in Forschung<\/p>\n<p>                                    IT-Sicherheitshersteller zeigt auf Berliner Technikmesse L\u00f6sungen f\u00fcr mehr digitale Selbstbestimmung<\/p>\n<p>Jena\/Berlin (pts014\/24.08.2026\/10:15)<\/p>\n<p>Wem vertrauen wir unser digitales Wohnzimmer an? Diese Frage stellt sich immer h\u00e4ufiger \u2013 sp\u00e4testens dann, wenn ein neuer Smart-TV, Router oder Streaming-Stick ins Haus kommt. Denn mit jedem vernetzten Ger\u00e4t w\u00e4chst nicht nur der Komfort, sondern auch die Menge der Daten, die das eigene Zuhause verlassen k\u00f6nnen. Auf der IFA 2026 (4. bis 8. September) in Berlin zeigt ESET am Stand 302, wie sich das digitale Zuhause besser sch\u00fctzen l\u00e4sst und warum digitale Souver\u00e4nit\u00e4t l\u00e4ngst auch f\u00fcr Privathaushalte zum Thema geworden ist.<\/p>\n<p>Im Mittelpunkt des Messeauftritts stehen digitale Souver\u00e4nit\u00e4t und &#8222;Made in EU&#8220;. Was lange vor allem Politik und Unternehmen besch\u00e4ftigte, spielt inzwischen auch f\u00fcr Verbraucher eine immer gr\u00f6\u00dfere Rolle. Denn bei der Wahl neuer Technik geht es l\u00e4ngst nicht mehr nur um Bildqualit\u00e4t, Funktionen oder den Preis \u2013 sondern auch darum, wem man seine Daten anvertraut.<\/p>\n<p>&#8222;Souver\u00e4nit\u00e4t ist l\u00e4ngst kein abstraktes Regulierungsthema mehr, sondern ein handfestes Verkaufsargument. Handelspartner und Endkunden fragen zunehmend gezielt nach, wo eine L\u00f6sung entwickelt wird und wer Zugriff auf die Daten hat&#8220;, erkl\u00e4rt Stefan Heitkamp, Director of Retail, Etail and OEM Partnerships bei ESET. &#8222;Als europ\u00e4ischer Hersteller k\u00f6nnen wir diese Fragen ohne Umwege beantworten \u2013 das schafft Vertrauen entlang der gesamten Lieferkette.&#8220;<\/p>\n<p>Paneldiskussion mit Bundestagsabgeordnetem Joachim Ebmeyer<\/p>\n<p>Im Rahmen des IFA-Auftritts l\u00e4dt ESET zu einer Paneldiskussion mit Joachim Ebmeyer, Mitglied des Deutschen Bundestages im Ausschuss f\u00fcr Digitales und Staatsmodernisierung sowie im Ausschuss f\u00fcr Forschung, Technologie, Raumfahrt und Technikfolgenabsch\u00e4tzung. Ebmeyer gilt als profunder Kenner der Gaming- und Entwicklerszene und ist regelm\u00e4\u00dfiger Gast auf der gamescom sowie weiteren Branchenevents. Im Gespr\u00e4ch geht es darum, wie sich Souver\u00e4nit\u00e4t und europ\u00e4ische Wertsch\u00f6pfung nicht nur auf staatlicher und unternehmerischer Ebene, sondern auch im privaten Umfeld \u2013 etwa beim vernetzten Zuhause und bei Consumer-Technologie \u2013 konkret gestalten lassen.<\/p>\n<p>Das Panel findet am 7. September um 9 Uhr in der Retail Innovation Zone statt.<\/p>\n<p>Souver\u00e4nit\u00e4t als Mehrwert f\u00fcr den Handel<\/p>\n<p>Erg\u00e4nzend dazu beleuchtet ESET in mehreren Pr\u00e4sentationen auf der Messe, welche Rolle Souver\u00e4nit\u00e4t und &#8222;Made in EU&#8220; in Lieferanten- und Handelsbeziehungen spielen. Im Zentrum steht dabei die Frage, welchen konkreten Mehrwert ein europ\u00e4ischer Hersteller Handels- und Vertriebspartnern bieten kann \u2013 von Datenschutz und regulatorischer Sicherheit bis hin zu Unabh\u00e4ngigkeit von Technologie au\u00dfereurop\u00e4ischer Anbieter.<\/p>\n<p>Auch hier spielt K\u00fcnstliche Intelligenz eine zentrale Rolle: ESET zeigt, wie KI-gest\u00fctzte Sicherheitsl\u00f6sungen entwickelt werden k\u00f6nnen, ohne bei Datenhoheit und Vertrauensw\u00fcrdigkeit Kompromisse einzugehen.<\/p>\n<p>Weitere Informationen gibt es unter: <a href=\"https:\/\/www.ifa-berlin.com\/de \" rel=\"nofollow noopener\" target=\"_blank\">www.ifa-berlin.com\/de<\/a><\/p>\n<p>                                                    (Ende)<\/p>\n<p>                    <a href=\"http:\/\/www.eset.de\" rel=\"external nofollow noopener\" target=\"_blank\"><br \/>\n                <img decoding=\"async\" src=\"https:\/\/www.europesays.com\/at\/wp-content\/uploads\/2026\/08\/1787615357_325_logo.png\" alt=\"https:\/\/www.europesays.com\/at\/wp-content\/uploads\/2026\/08\/1787615357_325_logo.png\" title=\"ESET Deutschland GmbH\"\/><br \/>\n            <\/a><\/p>\n","protected":false},"excerpt":{"rendered":"pts20260824014 in Forschung IT-Sicherheitshersteller zeigt auf Berliner Technikmesse L\u00f6sungen f\u00fcr mehr digitale Selbstbestimmung Jena\/Berlin (pts014\/24.08.2026\/10:15) Wem vertrauen wir&hellip;\n","protected":false},"author":2,"featured_media":354152,"comment_status":"","ping_status":"","sticky":false,"template":"","format":"standard","meta":{"footnotes":"","_share_on_mastodon":"0"},"categories":[16],"tags":[2403,26231,59,46,9214,42,34519,95,34520,29431,6355,11499,25182,1572,34517,34522,5455,44,34518,34516,23767,97,96,101,98,2034,34523,34521,100,99],"class_list":["post-354151","post","type-post","status-publish","format-standard","has-post-thumbnail","category-wissenschaft-technik","tag-termine","tag-agentur","tag-aktuell","tag-at","tag-aussendung","tag-austria","tag-bildagentur","tag-business","tag-businessdienst","tag-hightech","tag-innovation","tag-journalist","tag-leben","tag-medien","tag-nachrichtenagentur","tag-nachrichtensuche","tag-newsletter","tag-oesterreich","tag-presseinformation","tag-pressetext","tag-recherche","tag-science","tag-science-technology","tag-technik","tag-technology","tag-termin","tag-web-broadcast","tag-webtv","tag-wissenschaft","tag-wissenschaft-technik"],"share_on_mastodon":{"url":"https:\/\/pubeurope.com\/@at\/117153167706282258","error":""},"_links":{"self":[{"href":"https:\/\/www.europesays.com\/at\/wp-json\/wp\/v2\/posts\/354151","targetHints":{"allow":["GET"]}}],"collection":[{"href":"https:\/\/www.europesays.com\/at\/wp-json\/wp\/v2\/posts"}],"about":[{"href":"https:\/\/www.europesays.com\/at\/wp-json\/wp\/v2\/types\/post"}],"author":[{"embeddable":true,"href":"https:\/\/www.europesays.com\/at\/wp-json\/wp\/v2\/users\/2"}],"replies":[{"embeddable":true,"href":"https:\/\/www.europesays.com\/at\/wp-json\/wp\/v2\/comments?post=354151"}],"version-history":[{"count":0,"href":"https:\/\/www.europesays.com\/at\/wp-json\/wp\/v2\/posts\/354151\/revisions"}],"wp:featuredmedia":[{"embeddable":true,"href":"https:\/\/www.europesays.com\/at\/wp-json\/wp\/v2\/media\/354152"}],"wp:attachment":[{"href":"https:\/\/www.europesays.com\/at\/wp-json\/wp\/v2\/media?parent=354151"}],"wp:term":[{"taxonomy":"category","embeddable":true,"href":"https:\/\/www.europesays.com\/at\/wp-json\/wp\/v2\/categories?post=354151"},{"taxonomy":"post_tag","embeddable":true,"href":"https:\/\/www.europesays.com\/at\/wp-json\/wp\/v2\/tags?post=354151"}],"curies":[{"name":"wp","href":"https:\/\/api.w.org\/{rel}","templated":true}]}}