{"id":354283,"date":"2026-08-25T02:01:19","date_gmt":"2026-08-25T02:01:19","guid":{"rendered":"https:\/\/www.europesays.com\/at\/354283\/"},"modified":"2026-08-25T02:01:19","modified_gmt":"2026-08-25T02:01:19","slug":"perspektivspielerinnen-lehrgang-feiert-oefb-campus-premiere","status":"publish","type":"post","link":"https:\/\/www.europesays.com\/at\/354283\/","title":{"rendered":"Perspektivspielerinnen-Lehrgang feiert \u00d6FB Campus-Premiere"},"content":{"rendered":"<p> <img decoding=\"async\" src=\"https:\/\/www.europesays.com\/at\/wp-content\/uploads\/2026\/08\/at-oefb-verband.png\" alt=\"\"\/> <\/p>\n<p>Zum bereits zweiten Mal in der \u00d6FB-Geschichte wird es beim\u00a0Frauen-Nationalteam\u00a0einen\u00a0Perspektivlehrgang\u00a0geben. Von\u00a0Sonntag, 30. August bis Mittwoch 2. September\u00a0wird\u00a0Teamchef Lars S\u00f8ndergaard\u00a0dabei erstmalig an den\u00a0\u00d6FB-Campus\u00a0laden, wo der 67-j\u00e4hrige D\u00e4ne mit Unterst\u00fctzung von U19 Frauen-Teamchef Markus Hackl sowie U17 Frauen-Teamchef Patrick Haidbauer den viert\u00e4gigen \u00a0Lehrgang leiten wird.<\/p>\n<p><img decoding=\"async\" src=\"https:\/\/www.europesays.com\/at\/wp-content\/uploads\/2026\/08\/soendergaard_-lars-oefb-frauen-teamchef-24-08-26-oefb-jasmin-walter-pumann.jpg\" alt=\"\"\/><\/p>\n<p>\u201eDer Zeitpunkt inmitten der Saison bringt nat\u00fcrlich einige organisatorische Herausforderungen mit sich&#8220;<\/p>\n<p>\u00d6FB-Frauen-Teamchef\u00a0Lars S\u00f8ndergaard:<\/p>\n<p>\u201eIch freue mich sehr, dass wir diesen Perspektivspielerinnen-Lehrgang erneut austragen k\u00f6nnen. Der Zeitpunkt inmitten der Saison bringt nat\u00fcrlich einige organisatorische Herausforderungen mit sich, auch weil viele Clubs wie St. P\u00f6lten, Austria Wien und Strum Graz diese Woche international im Einsatz sind. <\/p>\n<p>Ein gro\u00dfer Dank gilt hier allen Clubs, die ihre Spielerinnen f\u00fcr diesen Lehrgang zur Verf\u00fcgung stellen. F\u00fcr uns haben die kommenden Tage am \u00d6FB-Campus eine gro\u00dfe Bedeutung, weil wir mit der Unterst\u00fctzung des A-Team-Betreuerstabs unter Top-Bedingungen mit den Spielerinnen arbeiten k\u00f6nnen und ihnen so bestm\u00f6glich jene Ideen vermitteln k\u00f6nnen, die wir beim Frauen-Nationalteam verfolgen.&#8220;<\/p>\n<p>Insgesamt\u00a024 Nachwuchstalente\u00a0der Jahrg\u00e4nge 2004 bis 2010 wird Lars S\u00f6ndergaard Ende August in Wien-Aspern begr\u00fc\u00dfen, darunter elf Spielerinnen, die in diesem Sommer im Aufgebot des U19 Frauen-Nationalteams bei der EM 2026 in Bosnien- und Herzegowina standen und den historisch ersten Halbfinaleinzug erreichten.<\/p>\n<p>Zudem stehen mit Verteidigerin Selina Albrecht (SGS Essen), Ex-\u00d6FB Frauen-Akademie-St\u00fcrmerin Dionna Dike (AS Roma), U19 Teamspielerin Teresa Frizberg (FC Ingolstadt) und Torfrau Mia Richter (1. FC N\u00fcrnberg) vier Legion\u00e4rinnen im Aufgebot.<\/p>\n<p>F\u00fcr Vienna-Torfrau Vivien Grabenhofer sowie U19 Frauen-Nationalteam-Kapit\u00e4nin Valentina Illinger ist es nach 2025 die zweite Einberufung in den Perspektivspielerinnen-Lehrgang.<\/p>\n<p>Sportdirektor Peter Sch\u00f6ttel:\u00a0<\/p>\n<p>&#8222;Wir freuen uns, dass wir diesen zweiten Perspektivspielerinnen-Lehrgang erstmals am \u00d6FB Campus austragen werden. Das bietet nicht nur f\u00fcr uns die M\u00f6glichkeit, noch bessere Einblicke in die Spielerinnen der kommenden Generationen unseres Landes zu erhalten, sondern auch die Spielerinnen bekommen die bestm\u00f6glichen Eindr\u00fccke, was sie in weiterer Folge beim A-Nationalteam erwartet. Wir blicken mit gro\u00dfer Vorfreude und auch einer gewissen Erwartung auf den Lehrgang, der schlussendlich Lars S\u00f6ndergaard wichtige Erkenntnisse liefern soll.&#8220;<\/p>\n<p>Sebastian Pr\u00f6dl, Leiter der Nachwuchs-Nationalteams im \u00d6FB:\u00a0<\/p>\n<p>&#8222;Wir konnten im Frauen-Nachwuchs in der j\u00fcngsten Vergangenheit immer wieder sportliche Erfolge feiern und Akzente setzen, wie zuletzt mit dem Halbfinal-Einzug bei der U19 Frauen-Europameisterschaft diesen Sommer in Bosnien. Lars S\u00f6ndergaard konnte hierbei vor Ort schon sehr gute Eindr\u00fccke von vielen Spielerinnen sammeln, umso wichtiger ist es f\u00fcr ihn und uns, diesen Perspektivspielerinnen-Lehrgang auch heuer wieder auszutragen, um gezielt mit jenen Spielerinnen zu arbeiten, die in weiterer Folge den Sprung in das A-Nationalteam schaffen sollen.&#8220;<\/p>\n<p>\u00d6ffentliche Trainingseinheiten<\/p>\n<p>Alle\u00a0Trainingseinheiten\u00a0des Frauen-Perspektivspielerlehrgangs werden\u00a0\u00f6ffentlich\u00a0abgehalten und k\u00f6nnen von Fans und Fu\u00dfballinteressierten besucht werden. Trainiert wird jeweils am \u00d6FB Campus in Wien.<\/p>\n<p>Die Trainingszeiten sind Montag, 31. August (11:15 Uhr), Dienstag, 1. September (11:15 Uhr) und Mittwoch, 2. September (11:15 Uhr).<\/p>\n<p>Kader des Perspektivlehrgangs\u00a0<\/p>\n<p>TOR:<\/p>\n<p>GRABENHOFER Vivien (First Vienna FC 1894, JG 2008), RICHTER Mia (1. FC N\u00fcrnberg\/GER, JG 2008), SIMONOW Maria (\u00d6FB Frauen-Akademie, JG 2010)<\/p>\n<p>ABWEHR:<\/p>\n<p>ALBRECHT Selina (SGS Essen\/GER, JG 2006), CAVIC Jovana (First Vienna FC 1894, JG 2004), HOKE Sophie (SK Rapid, JG 2007), ILLINGER Valentina (FC Red Bull Salzburg, JG 2007), KRINZINGER Lea (FC Blau Wei\u00df Linz\/Kleinm\u00fcnchen, JG 2004), MAKALIC Emira (FC Blau Wei\u00df Linz\/Kleinm\u00fcnchen, JG 2008), SCH\u00c4FER Emily (FK Austria Wien, JG 2008), WILLIMEK Piia (JG 2008)<\/p>\n<p>MITTELFELD:<\/p>\n<p>D\u00b4ANGELO Theresa (FC Red Bull Salzburg, JG 2006), GR\u00dcNWALD Julia (FC Red Bull Salzburg, JG 2008), HERBST Ella (LASK, JG 2007), HOFSCHWEIGER Anika (FC Blau Wei\u00df Linz\/Kleinm\u00fcnchen, JG 2008), KECKEIS Maja (First Vienna FC 1894, JG 2007), MILANOVIC Helena (First Vienna FC 1894, JG 2006), NIMMRICHTER Lea-Sophie (FC Blau Wei\u00df Linz\/Kleinm\u00fcnchen, JG 2008), PAMMINGER Alessia (FC Red Bull Salzburg, JG 2008), Z\u00d6GER Sophia (SK Rapid, JG 2009) \u00a0 \u00a0 \u00a0 \u00a0\u00a0<\/p>\n<p>ANGRIFF:<\/p>\n<p>DIKE Dionna (AS Roma\/ITA, JG 2009), FRIZBERG Teresa (FC Ingolstadt\/GER, JG 2008), HAVEL Lilah (First Vienna FC 1894, JG 2007), TUPPINGER Dayna (LASK, JG 2008), \u00a0<\/p>\n<p>Auf Abruf: \u00a0<\/p>\n<p>GRAF Franzisca (FC Red Bull Salzburg, JG 2010), FANKHAUSER Hannah (First Vienna FC 1894, JG 2006), HEIPLIK Emma (First Vienna FC 1894, 2008), H\u00d6CHERL Lara (First Vienna FC 1894, JG 2006), PICHLER Nina (FK Austria Wien, JG 2009), RAUSCH Sandra (FC Red Bull Salzburg, JG 2009), TRINKL Sarah (LASK, JG 2007)<\/p>\n<p>Fotocredit: \u00d6FB\/Jasmin Walter<\/p>\n","protected":false},"excerpt":{"rendered":"Zum bereits zweiten Mal in der \u00d6FB-Geschichte wird es beim\u00a0Frauen-Nationalteam\u00a0einen\u00a0Perspektivlehrgang\u00a0geben. Von\u00a0Sonntag, 30. August bis Mittwoch 2. September\u00a0wird\u00a0Teamchef Lars&hellip;\n","protected":false},"author":2,"featured_media":354284,"comment_status":"","ping_status":"","sticky":false,"template":"","format":"standard","meta":{"footnotes":"","_share_on_mastodon":"0"},"categories":[18],"tags":[46,42,37921,46623,50541,44,89923,109,108],"class_list":["post-354283","post","type-post","status-publish","format-standard","has-post-thumbnail","category-sport","tag-at","tag-austria","tag-frauen-nationalteam","tag-lars-soendergaard","tag-oefb-campus","tag-oesterreich","tag-perspektivspielerinnen-lehrgang","tag-sport","tag-sports"],"share_on_mastodon":{"url":"https:\/\/pubeurope.com\/@at\/117153686541246737","error":""},"_links":{"self":[{"href":"https:\/\/www.europesays.com\/at\/wp-json\/wp\/v2\/posts\/354283","targetHints":{"allow":["GET"]}}],"collection":[{"href":"https:\/\/www.europesays.com\/at\/wp-json\/wp\/v2\/posts"}],"about":[{"href":"https:\/\/www.europesays.com\/at\/wp-json\/wp\/v2\/types\/post"}],"author":[{"embeddable":true,"href":"https:\/\/www.europesays.com\/at\/wp-json\/wp\/v2\/users\/2"}],"replies":[{"embeddable":true,"href":"https:\/\/www.europesays.com\/at\/wp-json\/wp\/v2\/comments?post=354283"}],"version-history":[{"count":0,"href":"https:\/\/www.europesays.com\/at\/wp-json\/wp\/v2\/posts\/354283\/revisions"}],"wp:featuredmedia":[{"embeddable":true,"href":"https:\/\/www.europesays.com\/at\/wp-json\/wp\/v2\/media\/354284"}],"wp:attachment":[{"href":"https:\/\/www.europesays.com\/at\/wp-json\/wp\/v2\/media?parent=354283"}],"wp:term":[{"taxonomy":"category","embeddable":true,"href":"https:\/\/www.europesays.com\/at\/wp-json\/wp\/v2\/categories?post=354283"},{"taxonomy":"post_tag","embeddable":true,"href":"https:\/\/www.europesays.com\/at\/wp-json\/wp\/v2\/tags?post=354283"}],"curies":[{"name":"wp","href":"https:\/\/api.w.org\/{rel}","templated":true}]}}