{"id":355082,"date":"2026-08-25T11:01:08","date_gmt":"2026-08-25T11:01:08","guid":{"rendered":"https:\/\/www.europesays.com\/at\/355082\/"},"modified":"2026-08-25T11:01:08","modified_gmt":"2026-08-25T11:01:08","slug":"brandursache-geklaert-akkuzellen-loesten-feuer-in-neumarkt-aus-kronen-zeitung","status":"publish","type":"post","link":"https:\/\/www.europesays.com\/at\/355082\/","title":{"rendered":"Brandursache gekl\u00e4rt &#8211; Akkuzellen l\u00f6sten Feuer in Neumarkt aus &#8211; Kronen Zeitung"},"content":{"rendered":"<p><a href=\"https:\/\/news.google.com\/rss\/articles\/CBMiQkFVX3lxTE0zQjduQVdRVnd1TGlGQTByWkZyU3UtZ0w5Y3I2M1VMbXlXdkNNY3RrNW13elEzeUVXUkMzV3pyaFhOQQ?oc=5\" target=\"_blank\" rel=\"nofollow noopener\">Brandursache gekl\u00e4rt &#8211; Akkuzellen l\u00f6sten Feuer in Neumarkt aus<\/a>&nbsp;&nbsp;Kronen Zeitung<a href=\"https:\/\/news.google.com\/rss\/articles\/CBMiUkFVX3lxTFBKYzR3WW5xN0V2Z0luTHhQWHhPbjI1OEZkbm1SdkVXM2hPb0ZtVmZ5bG9LMkU0LUExUFFnZkhnemRKU0p0STkzZEJHeE5yeFFZN2c?oc=5\" target=\"_blank\" rel=\"nofollow noopener\">Akkus l\u00f6sten Brand in Carport und Wohnhaus aus<\/a>&nbsp;&nbsp;salzburg.ORF.at<a href=\"https:\/\/news.google.com\/rss\/articles\/CBMi2gFBVV95cUxNaGZYZWQ2OGw3Rm9WX2pzRWNjdndzb2xtY2lRRUhtdUVvaGZxdl9IZkxROWExZ0NZeDlnZk40cm8ySl84XzdZblE0RXBYckptTm5YbXlYQVpoVlluTDFFN05lbkpFVl9qTmM1RHowQ3FSMC04NEV6bnlaS0NIY2pMME1wdlFIVTZfZ3ZNaFdlbHRHV0hBZzRmNE00WDBZSmtyT011MlI1Z25keC05YmJxMmFqcWxyaWphRjJueUc5X3cxamh5VlNqUUVOZDlEV0NNNk1pWExEVWlVdw?oc=5\" target=\"_blank\" rel=\"nofollow noopener\">Verheerende Flammen zerst\u00f6ren Einfamilienhaus in Neumarkt: Brandursache steht fest<\/a>&nbsp;&nbsp;salzburg24<a href=\"https:\/\/news.google.com\/rss\/articles\/CBMimgFBVV95cUxNZFVERDhMX0wzMUN3VTlfaDdpd3dhWUNHRllLdWRpRkNjXzlfV05meUgwemFTczFzQWNIeFRnS1o1MS1kVjEtU2RtOFVhclRrTWV3cDdFakZoYzh4UDNuaktLQWc3eUVFVnEzRDdlRmxhMkdRRU15eDhfUmtqWm1HRmxydEJhWHBEMmdGUi1Td0JWa1oxb3ZqSWFB?oc=5\" target=\"_blank\" rel=\"nofollow noopener\">Brandereignis im Flachgau: Brand in Neumarkt konnte gekl\u00e4rt werden<\/a>&nbsp;&nbsp;MeinBezirk.at<a href=\"https:\/\/news.google.com\/rss\/articles\/CBMiiwFBVV95cUxOUHVXWXJ3T0pNTi1EQXVvRVdTeEdWZVlCMWZVQVYteUNyR1VJS0Q0YWVZOWc1Tm1xemZ3UTZPV05aZGJ4aUhWeVNGZmszMDFZT0xSdXFieDFuTm5naE1UVUxJSFQyOTlMTlNwczF5UGcyNHVOTFUyZ1BWZC1hUmFKWUQzMko4SjNpT0ZJ?oc=5\" target=\"_blank\" rel=\"nofollow noopener\">Gro\u00dfeinsatz bei Wohnhausbrand in Neumarkt<\/a>&nbsp;&nbsp;N\u00d6N.at &#8211; Nieder\u00f6sterreichische Nachrichten<\/p>\n","protected":false},"excerpt":{"rendered":"Brandursache gekl\u00e4rt &#8211; Akkuzellen l\u00f6sten Feuer in Neumarkt aus&nbsp;&nbsp;Kronen ZeitungAkkus l\u00f6sten Brand in Carport und Wohnhaus aus&nbsp;&nbsp;salzburg.ORF.atVerheerende Flammen&hellip;\n","protected":false},"author":2,"featured_media":355083,"comment_status":"","ping_status":"","sticky":false,"template":"","format":"standard","meta":{"footnotes":"","_share_on_mastodon":"0"},"categories":[6],"tags":[46,42,22703,47217,44,43,45,33751,495],"class_list":["post-355082","post","type-post","status-publish","format-standard","has-post-thumbnail","category-oesterreich","tag-at","tag-austria","tag-eugendorf","tag-neumarkt","tag-oesterreich","tag-republic-of-austria","tag-republik-oesterreich","tag-seekirchen","tag-strasswalchen"],"share_on_mastodon":{"url":"https:\/\/pubeurope.com\/@at\/117155809410136860","error":""},"_links":{"self":[{"href":"https:\/\/www.europesays.com\/at\/wp-json\/wp\/v2\/posts\/355082","targetHints":{"allow":["GET"]}}],"collection":[{"href":"https:\/\/www.europesays.com\/at\/wp-json\/wp\/v2\/posts"}],"about":[{"href":"https:\/\/www.europesays.com\/at\/wp-json\/wp\/v2\/types\/post"}],"author":[{"embeddable":true,"href":"https:\/\/www.europesays.com\/at\/wp-json\/wp\/v2\/users\/2"}],"replies":[{"embeddable":true,"href":"https:\/\/www.europesays.com\/at\/wp-json\/wp\/v2\/comments?post=355082"}],"version-history":[{"count":0,"href":"https:\/\/www.europesays.com\/at\/wp-json\/wp\/v2\/posts\/355082\/revisions"}],"wp:featuredmedia":[{"embeddable":true,"href":"https:\/\/www.europesays.com\/at\/wp-json\/wp\/v2\/media\/355083"}],"wp:attachment":[{"href":"https:\/\/www.europesays.com\/at\/wp-json\/wp\/v2\/media?parent=355082"}],"wp:term":[{"taxonomy":"category","embeddable":true,"href":"https:\/\/www.europesays.com\/at\/wp-json\/wp\/v2\/categories?post=355082"},{"taxonomy":"post_tag","embeddable":true,"href":"https:\/\/www.europesays.com\/at\/wp-json\/wp\/v2\/tags?post=355082"}],"curies":[{"name":"wp","href":"https:\/\/api.w.org\/{rel}","templated":true}]}}