{"id":355188,"date":"2026-08-25T12:01:11","date_gmt":"2026-08-25T12:01:11","guid":{"rendered":"https:\/\/www.europesays.com\/at\/355188\/"},"modified":"2026-08-25T12:01:11","modified_gmt":"2026-08-25T12:01:11","slug":"fc-salzburg-verteidigt-10-vorsprung-gegen-mjaellby-aif-im-play-off-rueckspiel","status":"publish","type":"post","link":"https:\/\/www.europesays.com\/at\/355188\/","title":{"rendered":"FC Salzburg verteidigt 1:0-Vorsprung gegen Mj\u00e4llby AIF im Play-off-R\u00fcckspiel"},"content":{"rendered":"<p> <img decoding=\"async\" src=\"https:\/\/www.europesays.com\/at\/wp-content\/uploads\/2026\/08\/1787659269_367_at-salzburg-fc.png\" alt=\"\"\/><br \/>\n <img decoding=\"async\" src=\"https:\/\/www.europesays.com\/at\/wp-content\/uploads\/2026\/08\/1787659270_189_club-3636-large.png\" alt=\"\"\/> <\/p>\n<p>Der \u00f6sterreichische Bundesligist<a href=\"https:\/\/ticker.ligaportal.at\/mannschaft\/1729\/red-bull-salzburg\" rel=\"nofollow noopener\" target=\"_blank\"> FC Salzburg<\/a> empf\u00e4ngt\u00a0den schwedischen \u00dcberraschungs-Meister Mj\u00e4llby AIF am Donnerstag zum R\u00fcckspiel im Play-off der UEFA Europa League. Nach dem 1:0-Ausw\u00e4rtssieg im Hinspiel geht es in Wals-Siezenheim (19:00 Uhr, <a href=\"https:\/\/ticker.ligaportal.at\/live-ticker\/1310150\/red-bull-salzburg-gegen-mjaellby-aif\" rel=\"nofollow noopener\" target=\"_blank\">Ligaportal-LIVETICKER<\/a>) um den Einzug in die Ligaphase. Ein bosnisches Schiedsrichterteam rund um Haupt-Referee Irfan Peljto leitet die Partie.<\/p>\n<p><img decoding=\"async\" src=\"https:\/\/www.europesays.com\/at\/wp-content\/uploads\/2026\/08\/fans-fc-salzburg-vs-pafos-06-08-2026-lbp-media-luka-kolanovic.jpg\" alt=\"\"\/><\/p>\n<p>Erstmals wieder daheim nach vier Ausw\u00e4rtsspielen<\/p>\n<p>Nach bewerbs\u00fcbergreifend vier Ausw\u00e4rtsmatches in Serie kehren die Salzburger im Play-off wieder vor heimischem Publikum zur\u00fcck. Die Mannschaft von Chefcoach Danny R\u00f6hl will damit ihre ungeschlagene Serie von sieben Spielen in der neuen Saison fortsetzen und sich f\u00fcr die Ligaphase der Europa League qualifizieren.<\/p>\n<p>Trotz der komfortablen Ausgangslage bleibt der deutsche Trainer vorsichtig: \u201eWir sind erst die H\u00e4lfte des Weges gegangen, und uns steht im R\u00fcckspiel noch eine schwierige Aufgabe bevor. Auch wenn das Ergebnis aus dem Spiel in Schweden zufriedenstellend ist, gab es dort einige Themen, die wir am Donnerstag in Salzburg besser machen m\u00fcssen und an denen wir bis zum Spiel intensiv arbeiten werden. Das wei\u00df und sieht auch die Mannschaft so.\u201c<\/p>\n<p><img decoding=\"async\" src=\"https:\/\/www.europesays.com\/at\/wp-content\/uploads\/2026\/08\/boma-kevin-fc-salzburg-vs-pafos-fc-06-08-26-rbs-getty-pumann.jpg\" alt=\"\"\/><\/p>\n<p>Boma warnt vor \u00dcbermut<\/p>\n<p>Auch der 23-j\u00e4hrige, togolesische Nationalmannschafts-Innenverteidiger K\u00e9vin Boma\u00a0(Foto) mahnt zur Vorsicht und sieht in Mj\u00e4llby einen unangenehmen Gegner:<\/p>\n<p>\u201eWir haben jetzt die gro\u00dfe M\u00f6glichkeit, erneut in die Ligaphase der UEFA Europa League einzuziehen. Und diese Chance m\u00f6chten wir uns keinesfalls entgehen lassen. Mit dem Ausw\u00e4rtserfolg haben wir uns eine gute Ausgangslage erspielt, mehr aber auch schon nicht. Mj\u00e4llby hat gezeigt, dass sie uns gef\u00e4hrlich werden k\u00f6nnen. Deshalb wollen wir in Salzburg massiv dagegenhalten und unsere Qualit\u00e4ten zeigen.\u201c<\/p>\n<p>Personelle Lage<\/p>\n<p>F\u00fcr das R\u00fcckspiel fallen Soumaila Diabate, Gaoussou Diakite und der deutsche Linksverteidiger Frans Kr\u00e4tzig verletzungsbedingt an der Oberschenkelmuskulatur aus, Johannes Moser fehlt wegen Adduktorenproblemen.<\/p>\n<p>Enrique Aguilar hat nach seinem Unterarmbruch aus dem Spiel gegen Pafos FC bereits wieder Teile des Mannschaftstrainings absolviert und n\u00e4hert sich damit einem m\u00f6glichen Comeback.<\/p>\n<p>Fotocredit:\u00a0 RBS by Getty und lbp-media-Luka Kolanovic<\/p>\n","protected":false},"excerpt":{"rendered":"Der \u00f6sterreichische Bundesligist FC Salzburg empf\u00e4ngt\u00a0den schwedischen \u00dcberraschungs-Meister Mj\u00e4llby AIF am Donnerstag zum R\u00fcckspiel im Play-off der UEFA&hellip;\n","protected":false},"author":2,"featured_media":355189,"comment_status":"","ping_status":"","sticky":false,"template":"","format":"standard","meta":{"footnotes":"","_share_on_mastodon":"0"},"categories":[31],"tags":[46,42,61128,4939,81393,44,192,1157],"class_list":["post-355188","post","type-post","status-publish","format-standard","has-post-thumbnail","category-salzburg","tag-at","tag-austria","tag-danny-roehl","tag-fc-salzburg","tag-mjaellby-aif","tag-oesterreich","tag-salzburg","tag-uefa-europa-league"],"share_on_mastodon":{"url":"https:\/\/pubeurope.com\/@at\/117156045702447853","error":""},"_links":{"self":[{"href":"https:\/\/www.europesays.com\/at\/wp-json\/wp\/v2\/posts\/355188","targetHints":{"allow":["GET"]}}],"collection":[{"href":"https:\/\/www.europesays.com\/at\/wp-json\/wp\/v2\/posts"}],"about":[{"href":"https:\/\/www.europesays.com\/at\/wp-json\/wp\/v2\/types\/post"}],"author":[{"embeddable":true,"href":"https:\/\/www.europesays.com\/at\/wp-json\/wp\/v2\/users\/2"}],"replies":[{"embeddable":true,"href":"https:\/\/www.europesays.com\/at\/wp-json\/wp\/v2\/comments?post=355188"}],"version-history":[{"count":0,"href":"https:\/\/www.europesays.com\/at\/wp-json\/wp\/v2\/posts\/355188\/revisions"}],"wp:featuredmedia":[{"embeddable":true,"href":"https:\/\/www.europesays.com\/at\/wp-json\/wp\/v2\/media\/355189"}],"wp:attachment":[{"href":"https:\/\/www.europesays.com\/at\/wp-json\/wp\/v2\/media?parent=355188"}],"wp:term":[{"taxonomy":"category","embeddable":true,"href":"https:\/\/www.europesays.com\/at\/wp-json\/wp\/v2\/categories?post=355188"},{"taxonomy":"post_tag","embeddable":true,"href":"https:\/\/www.europesays.com\/at\/wp-json\/wp\/v2\/tags?post=355188"}],"curies":[{"name":"wp","href":"https:\/\/api.w.org\/{rel}","templated":true}]}}