{"id":355342,"date":"2026-08-25T13:32:15","date_gmt":"2026-08-25T13:32:15","guid":{"rendered":"https:\/\/www.europesays.com\/at\/355342\/"},"modified":"2026-08-25T13:32:15","modified_gmt":"2026-08-25T13:32:15","slug":"us-militaer-maschine-globemaster-iii-landet-auf-moskauer-flughafen","status":"publish","type":"post","link":"https:\/\/www.europesays.com\/at\/355342\/","title":{"rendered":"US-Milit\u00e4r-Maschine Globemaster III landet auf Moskauer Flughafen"},"content":{"rendered":"<p>Videos zeigen auff\u00e4llige Fahrzeuge <\/p>\n<p>US-Milit\u00e4rflugzeug landet in Moskau \u2013 Zweck unklar<\/p>\n<p>Aktualisiert am 25.08.2026 &#8211; 14:40 UhrLesedauer: 2 Min.<\/p>\n<p><a href=\"#focus-0\" class=\"transition-colors block text-current relative\" data-sctrack=\"FocusGalleryImage.Reference\"><img fetchpriority=\"high\" data-testid=\"Opener.Image\"   loading=\"eager\" src=\"https:\/\/www.europesays.com\/at\/wp-content\/uploads\/2026\/08\/globemaster-iii-ueber-russland-es-ist-unklar-warum-das-flugzeug-landete.png\" alt=\"Globemaster III \u00fcber Russland: Es ist unklar, warum das Flugzeug landete.\" title=\"Globemaster III \u00fcber Russland: Es ist unklar, warum das Flugzeug landete.\" width=\"799\" height=\"449\" class=\"bg-[url:var(--lqipURL)] bg-cover bg-center flex h-full w-full max-w-full\" style=\"--lqipURL:url('https:\/\/images.t-online.de\/2026\/08\/aws74xKkYvVI\/0x29:799x449\/fit-in\/150x0\/filters:blur(25)\/globemaster-iii-ueber-russland-es-ist-unklar-warum-das-flugzeug-landete.png')\" decoding=\"async\"\/><img loading=\"lazy\" src=\"https:\/\/www.t-online.de\/s\/paper\/_next\/static\/media\/zoom-in.f7dae02f.svg\" alt=\"Vergr\u00f6\u00dfern des Bildes\" title=\"Vergr\u00f6\u00dfern des Bildes\" class=\"block h-[calc(var(--height)_\/_16_*_1rem)] w-[calc(var(--width)_\/_16_*_1rem)] max-w-none absolute right-8 bottom-8 rounded-4 bg-snow p-8\" style=\"--width:32;--height:32\" decoding=\"async\"\/><\/a><\/p>\n<p>Globemaster III \u00fcber Russland: Es ist unklar, warum das Flugzeug landete. (Quelle: x.com\/@Archer83Able)<\/p>\n<p><img loading=\"lazy\" src=\"https:\/\/www.t-online.de\/s\/paper\/_next\/static\/media\/audio-volume.6689034c.svg\" alt=\"\" title=\"\" class=\"block h-[calc(var(--height)_\/_16_*_1rem)] w-[calc(var(--width)_\/_16_*_1rem)] max-w-none group-hover:brightness-0 group-hover:invert\" style=\"--width:16;--height:16\" decoding=\"async\"\/>Vorlesen<\/p>\n<p>Aktuelle Zeit:0:00Gesamtdauer:0:00<\/p>\n<p>1x<img loading=\"lazy\" src=\"https:\/\/www.t-online.de\/s\/paper\/_next\/static\/media\/font-sizes.32942e33.svg\" alt=\"\" title=\"\" class=\"block h-[calc(var(--height)_\/_16_*_1rem)] w-[calc(var(--width)_\/_16_*_1rem)] max-w-none group-hover:hidden group-aria-expanded:hidden\" style=\"--width:16;--height:16\" decoding=\"async\"\/><img loading=\"lazy\" src=\"https:\/\/www.t-online.de\/s\/paper\/_next\/static\/media\/font-sizes-dark-mode.e382645c.svg\" alt=\"\" title=\"\" class=\"block h-[calc(var(--height)_\/_16_*_1rem)] w-[calc(var(--width)_\/_16_*_1rem)] max-w-none hidden group-hover:block group-aria-expanded:block\" style=\"--width:16;--height:16\" decoding=\"async\"\/><img loading=\"lazy\" src=\"https:\/\/www.t-online.de\/s\/paper\/_next\/static\/media\/sharing-menu-icon.1eb71368.svg\" alt=\"\" title=\"\" class=\"block h-[calc(var(--height)_\/_16_*_1rem)] w-[calc(var(--width)_\/_16_*_1rem)] max-w-none group-hover:brightness-0 group-hover:invert\" style=\"--width:16;--height:16\" decoding=\"async\"\/>Artikel teilen<\/p>\n<p class=\"font-bold text-18 leading-17 user-text-lg:text-22 user-text-xl:text-24\">Ein Transportflugzeug der US Air Force ist von Riga nach Moskau geflogen. Der Zweck der Mission ist unklar, ein nicht best\u00e4tigter Hinweis k\u00f6nnte jedoch auf eine Verbindung zur F\u00fchrung des US-Verteidigungsressorts hindeuten.<\/p>\n<p class=\"text-18 leading-17 user-text-lg:text-22 user-text-xl:text-24\">Ein Transportflugzeug der US Air Force ist am Dienstagmorgen auf dem Moskauer <a href=\"https:\/\/www.t-online.de\/themen\/flughafen\/\" class=\"transition-colors cursor-pointer no-underline md:hover:text-magenta md:focus:text-magenta border-b border-solid border-current text-salemsfur md:hover:border-magenta\" data-tracking=\"{&quot;action&quot;:&quot;click&quot;,&quot;category&quot;:&quot;intextLink&quot;,&quot;label&quot;:&quot;\/themen\/flughafen\/&quot;}\" data-sctrack=\"BodyAnchor\" rel=\"nofollow noopener\" target=\"_blank\">Flughafen<\/a> Wnukowo gelandet. Das berichtet das Fachportal &#8222;Defence Blog&#8220; unter Berufung auf Flugdaten von Flightradar24. Demnach erreichte die C-17A Globemaster III den Flughafen gegen 10.04 Uhr Moskauer Zeit.<\/p>\n<p class=\"text-18 leading-17 user-text-lg:text-22 user-text-xl:text-24\">Die Maschine mit der Kennung 07-7181 war dem Bericht zufolge zuvor gegen 8.50 Uhr Moskauer Zeit in der lettischen Hauptstadt Riga gestartet. Aufzeichnungen von Flightradar24 zeigen die Route \u00fcber <a href=\"https:\/\/www.t-online.de\/themen\/lettland\/\" class=\"transition-colors cursor-pointer no-underline md:hover:text-magenta md:focus:text-magenta border-b border-solid border-current text-salemsfur md:hover:border-magenta\" data-tracking=\"{&quot;action&quot;:&quot;click&quot;,&quot;category&quot;:&quot;intextLink&quot;,&quot;label&quot;:&quot;\/themen\/lettland\/&quot;}\" data-sctrack=\"BodyAnchor\" rel=\"nofollow noopener\" target=\"_blank\">Lettland<\/a> und <a href=\"https:\/\/www.t-online.de\/themen\/litauen\/\" class=\"transition-colors cursor-pointer no-underline md:hover:text-magenta md:focus:text-magenta border-b border-solid border-current text-salemsfur md:hover:border-magenta\" data-tracking=\"{&quot;action&quot;:&quot;click&quot;,&quot;category&quot;:&quot;intextLink&quot;,&quot;label&quot;:&quot;\/themen\/litauen\/&quot;}\" data-sctrack=\"BodyAnchor\" rel=\"nofollow noopener\" target=\"_blank\">Litauen<\/a> weiter in den russischen Luftraum. Weder die US Air Force noch das zust\u00e4ndige US-Ministerium haben den Zweck des Fluges bislang \u00f6ffentlich genannt. Auf Nachfrage erkl\u00e4rte Kremlsprecher Dmitri Peskow, er habe keine Informationen \u00fcber das Flugzeug. Videos aus <a href=\"https:\/\/www.t-online.de\/themen\/moskau\/\" class=\"transition-colors cursor-pointer no-underline md:hover:text-magenta md:focus:text-magenta border-b border-solid border-current text-salemsfur md:hover:border-magenta\" data-tracking=\"{&quot;action&quot;:&quot;click&quot;,&quot;category&quot;:&quot;intextLink&quot;,&quot;label&quot;:&quot;\/themen\/moskau\/&quot;}\" data-sctrack=\"BodyAnchor\" rel=\"nofollow noopener\" target=\"_blank\">Moskau<\/a> sollen amerikanische Diplomatenfahrzeuge in Moskau zeigen.<\/p>\n<p class=\"text-18 leading-17 user-text-lg:text-22 user-text-xl:text-24\">Das lettische Verteidigungsministerium teilte &#8222;Newsweek&#8220; mit, dass der Flug &#8222;ordnungsgem\u00e4\u00df koordiniert und f\u00fcr den Betrieb innerhalb des lettischen Luftraums genehmigt&#8220; worden sei. Allerdings betonte ein Sprecher auch, dass er keine weiteren Informationen geben k\u00f6nne, da der Flug nicht vom lettischen Milit\u00e4r durchgef\u00fchrt worden sei.<\/p>\n<p class=\"text-18 leading-17 user-text-lg:text-22 user-text-xl:text-24\">Hinweise auf einen m\u00f6glichen Hintergrund liefert laut &#8222;Defence Blog&#8220; der f\u00fcr den Flug verwendete sogenannte &#8222;SECDEF support code&#8220;. Ein Beobachterkonto auf X berief sich dabei auf nicht n\u00e4her genannte Quellen und erkl\u00e4rte, der Flug sei unter diesem Code angemeldet worden. Das k\u00f6nnte darauf hindeuten, dass die Mission mit Reisen oder logistischer Unterst\u00fctzung f\u00fcr die F\u00fchrung des US-Verteidigungsressorts zusammenhing. Unabh\u00e4ngig best\u00e4tigt ist diese Angabe bislang nicht.<\/p>\n<p>Route begann in den USA<\/p>\n<p class=\"text-18 leading-17 user-text-lg:text-22 user-text-xl:text-24\">Nach von &#8222;Defence Blog&#8220; zitierten Flugdaten begann die j\u00fcngste Route der Maschine am 22. August in den <a href=\"https:\/\/www.t-online.de\/themen\/usa\/\" class=\"transition-colors cursor-pointer no-underline md:hover:text-magenta md:focus:text-magenta border-b border-solid border-current text-salemsfur md:hover:border-magenta\" data-tracking=\"{&quot;action&quot;:&quot;click&quot;,&quot;category&quot;:&quot;intextLink&quot;,&quot;label&quot;:&quot;\/themen\/usa\/&quot;}\" data-sctrack=\"BodyAnchor\" rel=\"nofollow noopener\" target=\"_blank\">USA<\/a>. Sie flog zun\u00e4chst von der Joint Base McGuire-Dix-Lakehurst in New Jersey nach Charleston in South Carolina und am folgenden Tag weiter zur Joint Base Andrews bei <a href=\"https:\/\/www.t-online.de\/themen\/washington\/\" class=\"transition-colors cursor-pointer no-underline md:hover:text-magenta md:focus:text-magenta border-b border-solid border-current text-salemsfur md:hover:border-magenta\" data-tracking=\"{&quot;action&quot;:&quot;click&quot;,&quot;category&quot;:&quot;intextLink&quot;,&quot;label&quot;:&quot;\/themen\/washington\/&quot;}\" data-sctrack=\"BodyAnchor\" rel=\"nofollow noopener\" target=\"_blank\">Washington<\/a> sowie anschlie\u00dfend nach Riga.<\/p>\n<p class=\"text-18 leading-17 user-text-lg:text-22 user-text-xl:text-24\">Wnukowo wurde w\u00e4hrend des russischen Angriffskriegs gegen die <a href=\"https:\/\/www.t-online.de\/themen\/ukraine\/\" class=\"transition-colors cursor-pointer no-underline md:hover:text-magenta md:focus:text-magenta border-b border-solid border-current text-salemsfur md:hover:border-magenta\" data-tracking=\"{&quot;action&quot;:&quot;click&quot;,&quot;category&quot;:&quot;intextLink&quot;,&quot;label&quot;:&quot;\/themen\/ukraine\/&quot;}\" data-sctrack=\"BodyAnchor\" rel=\"nofollow noopener\" target=\"_blank\">Ukraine<\/a> wiederholt von diplomatischen und milit\u00e4rischen Fl\u00fcgen angeflogen. Direkte Fl\u00fcge von US-Milit\u00e4rmaschinen nach <a href=\"https:\/\/www.t-online.de\/themen\/russland\/\" class=\"transition-colors cursor-pointer no-underline md:hover:text-magenta md:focus:text-magenta border-b border-solid border-current text-salemsfur md:hover:border-magenta\" data-tracking=\"{&quot;action&quot;:&quot;click&quot;,&quot;category&quot;:&quot;intextLink&quot;,&quot;label&quot;:&quot;\/themen\/russland\/&quot;}\" data-sctrack=\"BodyAnchor\" rel=\"nofollow noopener\" target=\"_blank\">Russland<\/a> sind dem Bericht zufolge seit 2022 jedoch selten. Der letzte Direktflug einer in den USA registrierten Maschine nach Russland war im Januar, als die US-Sonderbeauftragten Steven Witkoff und <a href=\"https:\/\/www.t-online.de\/themen\/jared-kushner\/\" class=\"transition-colors cursor-pointer no-underline md:hover:text-magenta md:focus:text-magenta border-b border-solid border-current text-salemsfur md:hover:border-magenta\" data-tracking=\"{&quot;action&quot;:&quot;click&quot;,&quot;category&quot;:&quot;intextLink&quot;,&quot;label&quot;:&quot;\/themen\/jared-kushner\/&quot;}\" data-sctrack=\"BodyAnchor\" rel=\"nofollow noopener\" target=\"_blank\">Jared Kushner<\/a> zu Friedensgespr\u00e4chen \u00fcber die Ukraine anreisten. Wer sich nun an Bord der C-17 befand, wie lange sie in Moskau blieb und welchem Auftrag der Flug diente, ist bislang nicht bekannt.<\/p>\n","protected":false},"excerpt":{"rendered":"Videos zeigen auff\u00e4llige Fahrzeuge US-Milit\u00e4rflugzeug landet in Moskau \u2013 Zweck unklar Aktualisiert am 25.08.2026 &#8211; 14:40 UhrLesedauer: 2&hellip;\n","protected":false},"author":2,"featured_media":355343,"comment_status":"","ping_status":"","sticky":false,"template":"","format":"standard","meta":{"footnotes":"","_share_on_mastodon":"0"},"categories":[12],"tags":[737,2752,7164,2169,6650,6651,435,33326,2741,40,41,52324,1963,39,90175,439,90174,66,65,64],"class_list":["post-355342","post","type-post","status-publish","format-standard","has-post-thumbnail","category-welt","tag-737","tag-2752","tag-dmitri-peskow","tag-fahrzeug","tag-lettland","tag-litauen","tag-militaer","tag-militaerflugzeug","tag-moskau","tag-nachrichten","tag-news","tag-riga","tag-russland","tag-schlagzeilen","tag-transportflugzeug","tag-usa","tag-usaf","tag-welt","tag-world","tag-world-news"],"share_on_mastodon":{"url":"https:\/\/pubeurope.com\/@at\/117156404247388461","error":""},"_links":{"self":[{"href":"https:\/\/www.europesays.com\/at\/wp-json\/wp\/v2\/posts\/355342","targetHints":{"allow":["GET"]}}],"collection":[{"href":"https:\/\/www.europesays.com\/at\/wp-json\/wp\/v2\/posts"}],"about":[{"href":"https:\/\/www.europesays.com\/at\/wp-json\/wp\/v2\/types\/post"}],"author":[{"embeddable":true,"href":"https:\/\/www.europesays.com\/at\/wp-json\/wp\/v2\/users\/2"}],"replies":[{"embeddable":true,"href":"https:\/\/www.europesays.com\/at\/wp-json\/wp\/v2\/comments?post=355342"}],"version-history":[{"count":0,"href":"https:\/\/www.europesays.com\/at\/wp-json\/wp\/v2\/posts\/355342\/revisions"}],"wp:featuredmedia":[{"embeddable":true,"href":"https:\/\/www.europesays.com\/at\/wp-json\/wp\/v2\/media\/355343"}],"wp:attachment":[{"href":"https:\/\/www.europesays.com\/at\/wp-json\/wp\/v2\/media?parent=355342"}],"wp:term":[{"taxonomy":"category","embeddable":true,"href":"https:\/\/www.europesays.com\/at\/wp-json\/wp\/v2\/categories?post=355342"},{"taxonomy":"post_tag","embeddable":true,"href":"https:\/\/www.europesays.com\/at\/wp-json\/wp\/v2\/tags?post=355342"}],"curies":[{"name":"wp","href":"https:\/\/api.w.org\/{rel}","templated":true}]}}