{"id":355421,"date":"2026-08-25T14:18:12","date_gmt":"2026-08-25T14:18:12","guid":{"rendered":"https:\/\/www.europesays.com\/at\/355421\/"},"modified":"2026-08-25T14:18:12","modified_gmt":"2026-08-25T14:18:12","slug":"tochter-rumer-ruehrende-worte-ueber-kranken-papa-bruce-willis","status":"publish","type":"post","link":"https:\/\/www.europesays.com\/at\/355421\/","title":{"rendered":"Tochter Rumer: R\u00fchrende Worte \u00fcber kranken Papa Bruce Willis"},"content":{"rendered":"<p>\n&#8222;Tage, die so schwer sind&#8220;\n<\/p>\n<p><img loading=\"lazy\" decoding=\"async\" src=\"https:\/\/s.uicdn.com\/uimag\/7.12124.0\/assets\/_sn_\/module_assets\/article\/readtime.svg\" alt=\"Lesezeit\" width=\"14\" height=\"14\"\/><\/p>\n<p>Lesezeit 1 Min.<\/p>\n<p>Aktualisiert am 25.08.2026, 09:53 Uhr<\/p>\n<p><a href=\"https:\/\/i0.gmx.at\/image\/248\/42648248,pd=1\/rumer-willis-bruce-willis-gemeinsamen-auftritt-201.jpg\" data-brain-zone=\".42648246.content.lead.1\" data-component-path=\"content.lead.1\" data-component-name=\"article-image\" rel=\"nofollow noopener\" target=\"_blank\"> <\/p>\n<p><img loading=\"lazy\" decoding=\"async\" src=\"https:\/\/www.europesays.com\/at\/wp-content\/uploads\/2026\/08\/rumer-willis-bruce-willis-gemeinsamen-auftritt-201.jpg\" alt=\"Rumer Willis und Bruce Willis bei einem gemeinsamen Auftritt 2013.\" width=\"950\" height=\"534\"\/><\/p>\n<p><\/a> <\/p>\n<p>\nRumer Willis und Bruce Willis bei einem gemeinsamen Auftritt 2013.<br \/>\n\u00a9\u00a0ddp\n<\/p>\n<p class=\"content__description\" data-speakable=\"\">Rumer Willis hat \u00fcber ihren demenzkranken Vater Bruce Willis gesprochen. Die Schauspielerin verriet, dass sie vermisse, wie er fr\u00fcher einmal war.<\/p>\n<p data-speakable=\"\">Die Demenzdiagnose ihres Vaters <a data-component-name=\"link.semantic\" data-brain-zone=\".42648246.content.textlink_1\" data-component-path=\"content.textlink_1\" href=\"https:\/\/www.gmx.at\/magazine\/unterhaltung\/thema\/bruce-willis\" rel=\"nofollow noopener\" target=\"_blank\">Bruce Willis<\/a> (71) hat das Leben von Rumer Willis (38) entscheidend ver\u00e4ndert, wie diese nun verriet. &#8222;Ich vermisse meinen Vater sehr&#8220;, <a target=\"_blank\" data-brain-zone=\".42648246.content.textlink_2\" data-component-path=\"content.textlink_2\" data-component-name=\"link.external\" rel=\"noopener nofollow\" href=\"https:\/\/www.instagram.com\/p\/DcbIQwDKALb\/?hl=de\">sagte sie in einem Instagram-Video<\/a>. <\/p>\n<p data-speakable=\"\">Die 38-J\u00e4hrige f\u00fcgte hinzu, sie vermisse eine andere Version von ihm. &#8222;Es gibt Tage, die einfach so schwer sind. Ich versuche, mich darauf zu konzentrieren, f\u00fcr ihn da zu sein, so wie er jetzt ist. Die Wahrheit ist: Stark zu sein bedeutet, zu lernen, mit beidem gleichzeitig umzugehen.&#8220;<\/p>\n<p data-speakable=\"\">Die Schauspielerin gab zugleich bekannt, dass sie eine Partnerschaft mit einem Unternehmen, das Labortests, bildgebende Verfahren und spezialisierte Untersuchungen anbietet, eingegangen ist. Die Diagnose ihres Vaters habe sie dazu veranlasst, sich eingehender mit ihrer eigenen Gesundheit zu befassen.<\/p>\n<p>&#8222;Ein gewisses Risiko besteht&#8220;<\/p>\n<p data-speakable=\"\">Rumer Willis erkl\u00e4rte, sie habe sich &#8222;aufgrund meiner Familiengeschichte&#8220; zu einem Alzheimer-Risiko-Test entschlossen. Herausgekommen sei ein ziemlich durchschnittlicher Wert, &#8222;aber es bedeutet auch einfach, dass ein gewisses Risiko besteht, das jedoch nicht \u00fcbertrieben hoch ist&#8220;, sagte sie.<\/p>\n<p><a href=\"https:\/\/www.gmx.at\/magazine\/unterhaltung\/stars\/bruce-willis-emma-klaert-demenz-42390542\" data-brain-zone=\".42648246.content.teaser_2.1\" data-component-path=\"content.teaser_2.1\" data-component-name=\"link.editorial\" class=\"teaser teaser--horizontal\" data-block-name=\"content.teaser_2\" data-item-position=\"1\" data-item-source=\"cms\" data-article-id=\"cmd:42390542\" rel=\"nofollow noopener\" target=\"_blank\"><\/p>\n<p><img loading=\"lazy\" decoding=\"async\" src=\"https:\/\/www.europesays.com\/at\/wp-content\/uploads\/2026\/08\/bruce-willis.jpg\" alt=\"\" width=\"76\" height=\"76\" class=\"teaser__image\"\/><\/p>\n<p>\n&#8222;G\u00e4ngiger Irrglaube&#8220;\n<\/p>\n<p>Bruce Willis&#8216; Frau Emma kl\u00e4rt \u00fcber seine Demenz auf<\/p>\n<p><\/a><\/p>\n<p data-speakable=\"\"><a target=\"_blank\" data-brain-zone=\".42648246.content.textlink_3\" data-component-path=\"content.textlink_3\" data-component-name=\"link.external\" rel=\"noopener nofollow\" href=\"https:\/\/people.com\/rumer-willis-information-is-power-bruce-willis-dementia-function-exclusive-12066402\">In einem Interview mit &#8222;People&#8220;<\/a> gab Rumer Willis zu, dass es &#8222;manchmal be\u00e4ngstigend ist, Antworten zu erhalten&#8220;, wenn es um die Gesundheit geht. &#8222;Offensichtlich gibt es in meiner Familie genetisch bedingte Erkrankungen. Nicht nur Demenz &#8211; ich hatte auch Familienmitglieder, die an Brustkrebs erkrankt sind, und andere, die verschiedene andere Krankheiten hatten&#8220;, verriet sie. &#8222;Aber ich glaube, wenn man Informationen hat, ist das Macht&#8220;, fuhr sie fort.<\/p>\n<p>Familie machte Diagnose bereits vor Jahren \u00f6ffentlich<\/p>\n<p data-speakable=\"\">Rumer Willis ist die \u00e4lteste Tochter von Hollywoodstar Bruce Willis und dessen Ex-Ehefrau Demi Moore (63). <\/p>\n<p>Empfehlungen der Redaktion<\/p>\n<p data-speakable=\"\">Ihr Vater k\u00e4mpft seit mehreren Jahren mit gesundheitlichen Problemen. 2022 wurde bei dem Schauspieler eine Aphasie diagnostiziert, im Februar 2023 machte seine Familie \u00f6ffentlich, dass er an frontotemporaler Demenz (FTD) leidet. Aufgrund seiner Erkrankung zog er sich aus der \u00d6ffentlichkeit und auch aus dem Schauspielgesch\u00e4ft zur\u00fcck. (hub\/spot)\u00a0<br \/>\n\u00a9 1&amp;1 Mail &amp; Media\/spot on news\n<\/p>\n<p> <script async src=\"\/\/www.instagram.com\/embed.js\"><\/script><\/p>\n","protected":false},"excerpt":{"rendered":"&#8222;Tage, die so schwer sind&#8220; Lesezeit 1 Min. Aktualisiert am 25.08.2026, 09:53 Uhr Rumer Willis und Bruce Willis&hellip;\n","protected":false},"author":2,"featured_media":355422,"comment_status":"","ping_status":"","sticky":false,"template":"","format":"standard","meta":{"footnotes":"","_share_on_mastodon":"0"},"categories":[27],"tags":[46,42,14371,175,147,44,176,22731,148],"class_list":["post-355421","post","type-post","status-publish","format-standard","has-post-thumbnail","category-prominente","tag-at","tag-austria","tag-bruce-willis","tag-celebrities","tag-entertainment","tag-oesterreich","tag-prominente","tag-rumer-willis","tag-unterhaltung"],"share_on_mastodon":{"url":"https:\/\/pubeurope.com\/@at\/117156584944187033","error":""},"_links":{"self":[{"href":"https:\/\/www.europesays.com\/at\/wp-json\/wp\/v2\/posts\/355421","targetHints":{"allow":["GET"]}}],"collection":[{"href":"https:\/\/www.europesays.com\/at\/wp-json\/wp\/v2\/posts"}],"about":[{"href":"https:\/\/www.europesays.com\/at\/wp-json\/wp\/v2\/types\/post"}],"author":[{"embeddable":true,"href":"https:\/\/www.europesays.com\/at\/wp-json\/wp\/v2\/users\/2"}],"replies":[{"embeddable":true,"href":"https:\/\/www.europesays.com\/at\/wp-json\/wp\/v2\/comments?post=355421"}],"version-history":[{"count":0,"href":"https:\/\/www.europesays.com\/at\/wp-json\/wp\/v2\/posts\/355421\/revisions"}],"wp:featuredmedia":[{"embeddable":true,"href":"https:\/\/www.europesays.com\/at\/wp-json\/wp\/v2\/media\/355422"}],"wp:attachment":[{"href":"https:\/\/www.europesays.com\/at\/wp-json\/wp\/v2\/media?parent=355421"}],"wp:term":[{"taxonomy":"category","embeddable":true,"href":"https:\/\/www.europesays.com\/at\/wp-json\/wp\/v2\/categories?post=355421"},{"taxonomy":"post_tag","embeddable":true,"href":"https:\/\/www.europesays.com\/at\/wp-json\/wp\/v2\/tags?post=355421"}],"curies":[{"name":"wp","href":"https:\/\/api.w.org\/{rel}","templated":true}]}}