{"id":355915,"date":"2026-08-25T19:18:13","date_gmt":"2026-08-25T19:18:13","guid":{"rendered":"https:\/\/www.europesays.com\/at\/355915\/"},"modified":"2026-08-25T19:18:13","modified_gmt":"2026-08-25T19:18:13","slug":"ex-salzburg-boss-mit-transfer-ansage-an-zwei-gladbach-stars","status":"publish","type":"post","link":"https:\/\/www.europesays.com\/at\/355915\/","title":{"rendered":"Ex-Salzburg-Boss mit Transfer-Ansage an zwei Gladbach-Stars"},"content":{"rendered":"<p>Bei Borussia M\u00f6nchengladbachs Auftakt im DFB-Pokal gegen TSV Schott Mainz (5:0) fehlten mit Florian Neuhaus (29) und Joe Scally (23) zwei Starspieler im Kader der &#8222;Fohlen&#8220;. <\/p>\n<p>Beide Spieler sollen teure Vertr\u00e4ge haben, Sportchef <a href=\"https:\/\/www.laola1.at\/de\/daten\/news\/rouven-schroeder\/\" class=\"tag\" rel=\"nofollow noopener\" target=\"_blank\">Rouven Schr\u00f6der<\/a> will die beiden offenbar loswerden.<\/p>\n<p>Gibt es jetzt Bewegung?<\/p>\n<p>&#8222;Sie bleiben weiter vollberechtigte Lizenzspieler, wir respektieren ihre Vertr\u00e4ge. Aber sie haben beide eine Laufzeit bis 2027 und m\u00fcssen sich jetzt nat\u00fcrlich die Frage stellen: Wie richte ich mich aus? Ich an ihrer Stelle w\u00e4re auf jeden Fall unzufrieden. Mal sehen, ob jetzt Bewegung reinkommt&#8220;, wird der Ex-Salzburg-Boss von der &#8222;Bild&#8220; zitiert.<\/p>\n<p>Die Ansage ist klar zu verstehen, Schr\u00f6der will beide Kicker in Richtung Abgang dr\u00e4ngen. Coach Eugen Polanski macht die T\u00fcr nicht ganz zu. &#8222;Die Entscheidung f\u00fcr den Kader in Mainz hatte mit der Ausrichtung f\u00fcr dieses konkrete Spiel zu tun. Das kann Samstag in Leipzig schon wieder anders aussehen&#8220;, so der Cheftrainer.<\/p>\n","protected":false},"excerpt":{"rendered":"Bei Borussia M\u00f6nchengladbachs Auftakt im DFB-Pokal gegen TSV Schott Mainz (5:0) fehlten mit Florian Neuhaus (29) und Joe&hellip;\n","protected":false},"author":2,"featured_media":355916,"comment_status":"","ping_status":"","sticky":false,"template":"","format":"standard","meta":{"footnotes":"","_share_on_mastodon":"0"},"categories":[31],"tags":[46,42,5040,1879,1881,90272,964,1880,44,13156,192],"class_list":["post-355915","post","type-post","status-publish","format-standard","has-post-thumbnail","category-salzburg","tag-at","tag-austria","tag-borussia-moenchengladbach","tag-deutsche-bundesliga","tag-deutschland-fussball","tag-florian-neuhaus","tag-fussball","tag-fussball-international","tag-oesterreich","tag-rouven-schroeder","tag-salzburg"],"share_on_mastodon":{"url":"https:\/\/pubeurope.com\/@at\/117157763988787803","error":""},"_links":{"self":[{"href":"https:\/\/www.europesays.com\/at\/wp-json\/wp\/v2\/posts\/355915","targetHints":{"allow":["GET"]}}],"collection":[{"href":"https:\/\/www.europesays.com\/at\/wp-json\/wp\/v2\/posts"}],"about":[{"href":"https:\/\/www.europesays.com\/at\/wp-json\/wp\/v2\/types\/post"}],"author":[{"embeddable":true,"href":"https:\/\/www.europesays.com\/at\/wp-json\/wp\/v2\/users\/2"}],"replies":[{"embeddable":true,"href":"https:\/\/www.europesays.com\/at\/wp-json\/wp\/v2\/comments?post=355915"}],"version-history":[{"count":0,"href":"https:\/\/www.europesays.com\/at\/wp-json\/wp\/v2\/posts\/355915\/revisions"}],"wp:featuredmedia":[{"embeddable":true,"href":"https:\/\/www.europesays.com\/at\/wp-json\/wp\/v2\/media\/355916"}],"wp:attachment":[{"href":"https:\/\/www.europesays.com\/at\/wp-json\/wp\/v2\/media?parent=355915"}],"wp:term":[{"taxonomy":"category","embeddable":true,"href":"https:\/\/www.europesays.com\/at\/wp-json\/wp\/v2\/categories?post=355915"},{"taxonomy":"post_tag","embeddable":true,"href":"https:\/\/www.europesays.com\/at\/wp-json\/wp\/v2\/tags?post=355915"}],"curies":[{"name":"wp","href":"https:\/\/api.w.org\/{rel}","templated":true}]}}