{"id":355939,"date":"2026-08-25T19:33:08","date_gmt":"2026-08-25T19:33:08","guid":{"rendered":"https:\/\/www.europesays.com\/at\/355939\/"},"modified":"2026-08-25T19:33:08","modified_gmt":"2026-08-25T19:33:08","slug":"familie-bestaetigt-tiefe-trauer-musik-legende-dolly-parton-ist-tot","status":"publish","type":"post","link":"https:\/\/www.europesays.com\/at\/355939\/","title":{"rendered":"Familie best\u00e4tigt \u2013 Tiefe Trauer! Musik-Legende Dolly Parton ist tot"},"content":{"rendered":"<p class=\"col-12 col-md-10 col-lg-8 gb-p raw mx-auto\">Die Musikwelt verliert eine ihrer gr\u00f6\u00dften Stimmen: <a data-li-document-ref=\"120191026\" href=\"https:\/\/www.heute.at\/s\/sorge-um-dolly-parton-darum-kann-sie-nicht-auftreten-120191026\" rel=\"nofollow noopener\" target=\"_blank\">Dolly Parton<\/a> ist im Alter von 80 Jahren gestorben. Die US-S\u00e4ngerin, Songwriterin und Schauspielerin pr\u00e4gte \u00fcber Jahrzehnte die Country-Musik \u2013 und wurde weit \u00fcber dieses Genre hinaus zur Popkultur-Ikone.<\/p>\n<p class=\"col-12 col-md-10 col-lg-8 gb-p raw mx-auto\">Wie das US-Magazin PEOPLE berichtet, wurde die Nachricht am 25. August von Partons Neffen in einem Video auf den Social Media Kan\u00e4len der S\u00e4ngerin bekannt gegeben. Eine Todesursache wurde in den vorliegenden Informationen zun\u00e4chst nicht genannt.<\/p>\n<p>&#8222;Heute&#8220; auf Google als bevorzugte&amp;nbspQuelle festlegen<a href=\"https:\/\/www.google.com\/preferences\/source?q=heute.at\" rel=\"noopener noreferrer nofollow\" target=\"_blank\">Hinzuf\u00fcgen<\/a><\/p>\n<p class=\"col-12 col-md-10 col-lg-8 gb-p raw mx-auto\">Parton war nicht nur f\u00fcr ihre unverwechselbare Stimme bekannt, sondern auch f\u00fcr Welthits wie &#8222;Jolene&#8220;, &#8222;9 to 5&#8220; und &#8222;I Will Always Love You&#8220;. Auch als Schauspielerin machte sie sich einen Namen, unter anderem mit Rollen in &#8222;9 to 5&#8220; und &#8222;Steel Magnolias&#8220;.<\/p>\n<p class=\"col-12 col-md-10 col-lg-8 gb-p raw mx-auto\">Erst wenige Tage vor ihrem Tod hatte Parton noch \u00fcber gesundheitliche Probleme gesprochen. Sinngem\u00e4\u00df \u00fcbersetzt sagte sie damals, sie habe &#8222;noch so viele Dinge&#8220;, die sie erreichen wolle. Auch deshalb trifft die Nachricht viele Fans besonders hart.<\/p>\n<p>BILDSTRECKE: VIP-Bilder des Tages 2026<\/p>\n<p class=\"col-12 col-md-10 col-lg-8 gb-p raw mx-auto\">Partons Ehemann <a data-li-document-ref=\"120094356\" href=\"https:\/\/www.heute.at\/s\/schmerzlicher-verlust-dolly-parton-trauert-um-ehemann-120094356\" rel=\"nofollow noopener\" target=\"_blank\">Carl Thomas Dean<\/a> war bereits im M\u00e4rz 2025 gestorben. Die beiden waren seit 1966 verheiratet. \u00dcber ihre Ehe sprach Parton immer wieder mit gro\u00dfer W\u00e4rme \u2013 auch wenn Dean selbst das Rampenlicht mied.<\/p>\n<p class=\"col-12 col-md-10 col-lg-8 gb-p raw mx-auto\">Neben ihrer Karriere in Musik und Film engagierte sich Parton stark f\u00fcr wohlt\u00e4tige Projekte. Besonders bekannt ist ihre &#8222;Imagination Library&#8220;, die Kindern kostenlose B\u00fccher zur Verf\u00fcgung stellt. Ihr Verm\u00e4chtnis reicht damit weit \u00fcber die B\u00fchne hinaus.<\/p>\n<p> {title &amp;&amp; {title} } red, {title &amp;&amp; {title} } Akt. 25.08.2026, 20:08, 25.08.2026, 20:01<\/p>\n","protected":false},"excerpt":{"rendered":"Die Musikwelt verliert eine ihrer gr\u00f6\u00dften Stimmen: Dolly Parton ist im Alter von 80 Jahren gestorben. Die US-S\u00e4ngerin,&hellip;\n","protected":false},"author":2,"featured_media":355940,"comment_status":"","ping_status":"","sticky":false,"template":"","format":"standard","meta":{"footnotes":"","_share_on_mastodon":"0"},"categories":[12],"tags":[90281,90279,25071,90278,90277,84184,90280,154,40,41,651,5859,39,1000,60220,90282,66,65,64],"class_list":["post-355939","post","type-post","status-publish","format-standard","has-post-thumbnail","category-welt","tag-9-to-5","tag-country-legende","tag-dolly-parton","tag-dolly-parton-gestorben","tag-dolly-parton-tot","tag-i-will-always-love-you","tag-jolene","tag-musik","tag-nachrichten","tag-news","tag-promis","tag-schauspielerin","tag-schlagzeilen","tag-stars","tag-todesmeldung","tag-us-saengerin","tag-welt","tag-world","tag-world-news"],"share_on_mastodon":{"url":"","error":""},"_links":{"self":[{"href":"https:\/\/www.europesays.com\/at\/wp-json\/wp\/v2\/posts\/355939","targetHints":{"allow":["GET"]}}],"collection":[{"href":"https:\/\/www.europesays.com\/at\/wp-json\/wp\/v2\/posts"}],"about":[{"href":"https:\/\/www.europesays.com\/at\/wp-json\/wp\/v2\/types\/post"}],"author":[{"embeddable":true,"href":"https:\/\/www.europesays.com\/at\/wp-json\/wp\/v2\/users\/2"}],"replies":[{"embeddable":true,"href":"https:\/\/www.europesays.com\/at\/wp-json\/wp\/v2\/comments?post=355939"}],"version-history":[{"count":0,"href":"https:\/\/www.europesays.com\/at\/wp-json\/wp\/v2\/posts\/355939\/revisions"}],"wp:featuredmedia":[{"embeddable":true,"href":"https:\/\/www.europesays.com\/at\/wp-json\/wp\/v2\/media\/355940"}],"wp:attachment":[{"href":"https:\/\/www.europesays.com\/at\/wp-json\/wp\/v2\/media?parent=355939"}],"wp:term":[{"taxonomy":"category","embeddable":true,"href":"https:\/\/www.europesays.com\/at\/wp-json\/wp\/v2\/categories?post=355939"},{"taxonomy":"post_tag","embeddable":true,"href":"https:\/\/www.europesays.com\/at\/wp-json\/wp\/v2\/tags?post=355939"}],"curies":[{"name":"wp","href":"https:\/\/api.w.org\/{rel}","templated":true}]}}