{"id":356263,"date":"2026-08-25T23:16:18","date_gmt":"2026-08-25T23:16:18","guid":{"rendered":"https:\/\/www.europesays.com\/at\/356263\/"},"modified":"2026-08-25T23:16:18","modified_gmt":"2026-08-25T23:16:18","slug":"welttheater-festival-art-carnuntum-faust-auf-teufel-komm-raus-gespielt","status":"publish","type":"post","link":"https:\/\/www.europesays.com\/at\/356263\/","title":{"rendered":"WELTTHEATER FESTIVAL &#8211; Art Carnuntum: \u201eFaust\u201c auf Teufel komm raus gespielt"},"content":{"rendered":"<p>        <img decoding=\"async\" src=\"https:\/\/www.europesays.com\/at\/wp-content\/uploads\/2026\/08\/img-cJGdkCRqNHq16TO8.jpeg\" data-fullscreen-src=\"https:\/\/www.noen.at\/image\/3840x0-jpg\/6598003\/img-cJGdkCRqNHq16TO8.jpeg\" bad-src=\"https:\/\/www.europesays.com\/at\/wp-content\/uploads\/2026\/08\/img-cJGdkCRqNHq16TO8.jpeg\" data-teaser-member=\"image\" alt=\"Art Carnuntum Faust 2026\"\/><\/p>\n<p>\n                Die linke und die rechte Hand des Teufels: Dominique Horwitz im Amphitheater Petronell-Carnuntum.            <\/p>\n<p>\n                Foto:<br \/>\n                N\u00d6N\/Josef Rittler                            <\/p>\n<p>\n        Mit der fesselnden Solo-Performance \u201eHerr Teufel Faust\u201c er\u00f6ffnete der franz\u00f6sische Schauspieler Dominique Horwitz das Welttheater-Festival Art Carnuntum. Die moderne Interpretation des Goethe-Klassikers \u00fcberzeugte mit gro\u00dfer Schauspielkunst und begeisterte das Publikum im historischen Ambiente des Amphitheaters.     <\/p>\n<p>Mit \u201eHerr Teufel Faust\u201c er\u00f6ffnete der bekannte Schauspieler Dominique Horwitz das diesj\u00e4hrige Welttheater-Festival Art Carnuntum. Das St\u00fcck ist eine Ein-Mann-Inszenierung des Goethe-Klassikers in der Bearbeitung und Regie des deutschen Opern- und Theaterregisseurs Torsten Fischer und verbindet gro\u00dfe Schauspielkunst mit einer modernen Interpretation des Klassikers. <\/p>\n","protected":false},"excerpt":{"rendered":"Die linke und die rechte Hand des Teufels: Dominique Horwitz im Amphitheater Petronell-Carnuntum. Foto: N\u00d6N\/Josef Rittler Mit der&hellip;\n","protected":false},"author":2,"featured_media":356264,"comment_status":"","ping_status":"","sticky":false,"template":"","format":"standard","meta":{"footnotes":"","_share_on_mastodon":"0"},"categories":[22],"tags":[396,90351,90349,46,42,90350,89398,147,89399,44,45388,13150,148],"class_list":["post-356263","post","type-post","status-publish","format-standard","has-post-thumbnail","category-unterhaltung","tag-_slideshow","tag-amphitheater-petronell-carnuntum","tag-art-carnuntum","tag-at","tag-austria","tag-constantina-bordin","tag-dominique-horwitz","tag-entertainment","tag-faust","tag-oesterreich","tag-petronell-carnuntum","tag-plus_","tag-unterhaltung"],"share_on_mastodon":{"url":"https:\/\/pubeurope.com\/@at\/117158700530768113","error":""},"_links":{"self":[{"href":"https:\/\/www.europesays.com\/at\/wp-json\/wp\/v2\/posts\/356263","targetHints":{"allow":["GET"]}}],"collection":[{"href":"https:\/\/www.europesays.com\/at\/wp-json\/wp\/v2\/posts"}],"about":[{"href":"https:\/\/www.europesays.com\/at\/wp-json\/wp\/v2\/types\/post"}],"author":[{"embeddable":true,"href":"https:\/\/www.europesays.com\/at\/wp-json\/wp\/v2\/users\/2"}],"replies":[{"embeddable":true,"href":"https:\/\/www.europesays.com\/at\/wp-json\/wp\/v2\/comments?post=356263"}],"version-history":[{"count":0,"href":"https:\/\/www.europesays.com\/at\/wp-json\/wp\/v2\/posts\/356263\/revisions"}],"wp:featuredmedia":[{"embeddable":true,"href":"https:\/\/www.europesays.com\/at\/wp-json\/wp\/v2\/media\/356264"}],"wp:attachment":[{"href":"https:\/\/www.europesays.com\/at\/wp-json\/wp\/v2\/media?parent=356263"}],"wp:term":[{"taxonomy":"category","embeddable":true,"href":"https:\/\/www.europesays.com\/at\/wp-json\/wp\/v2\/categories?post=356263"},{"taxonomy":"post_tag","embeddable":true,"href":"https:\/\/www.europesays.com\/at\/wp-json\/wp\/v2\/tags?post=356263"}],"curies":[{"name":"wp","href":"https:\/\/api.w.org\/{rel}","templated":true}]}}