{"id":356845,"date":"2026-08-26T07:18:09","date_gmt":"2026-08-26T07:18:09","guid":{"rendered":"https:\/\/www.europesays.com\/at\/356845\/"},"modified":"2026-08-26T07:18:09","modified_gmt":"2026-08-26T07:18:09","slug":"kino-ist-zurueck-das-kinofest-oesterreich-2026-setzt-noch-eines-drauf","status":"publish","type":"post","link":"https:\/\/www.europesays.com\/at\/356845\/","title":{"rendered":"Kino ist zur\u00fcck: Das KINOFEST \u00d6sterreich 2026 setzt noch eines drauf"},"content":{"rendered":"<p> Kino ist zur\u00fcck. Und am Samstag, dem 12. September 2026, wird daraus ein Fest f\u00fcr ganz \u00d6sterreich: Das KINOFEST \u00d6sterreich 2026 l\u00e4dt alle ein, die Kino lieben \u2013 und alle, die schon viel zu lange nicht mehr im Kino waren. Einen ganzen Tag lang stehen gro\u00dfe Geschichten, starke Emotionen, gemeinsames Lachen, Staunen, Mitfiebern und G\u00e4nsehaut im Mittelpunkt. Und das zu einem einheitlichen Ticketpreis von 5,90 Euro pro Film in allen teilnehmenden Kinos \u2013 ausgenommen Sonderformate.<\/p>\n<p>Die Vorfreude ist bereits sp\u00fcrbar: Mehr als 100 Kinos in ganz \u00d6sterreich haben sich f\u00fcr das KINOFEST 2026 angemeldet. Die ersten Betriebe haben den Ticketverkauf f\u00fcr diesen besonderen Kinotag bereits gestartet. Damit wird der 12. September schon jetzt zu einem Fixtermin f\u00fcr alle, die wieder einmal bewusst Zeit im Kino verbringen m\u00f6chten \u2013 ob mit Freund:innen, Familie, Partner:in oder ganz f\u00fcr sich.<\/p>\n<p>EIN FEST F\u00dcR ALLE, DIE KINO LIEBEN<\/p>\n<p>Kino ist mehr als ein Film. Es ist der Moment, wenn das Licht ausgeht. Wenn die Leinwand hell wird. Wenn ein ganzer Saal gemeinsam lacht, den Atem anh\u00e4lt oder sich f\u00fcr zwei Stunden komplett aus dem Alltag verabschiedet. Genau dieses Gef\u00fchl steht beim KINOFEST im Mittelpunkt.<\/p>\n<p>\u201eKino ist wieder da \u2013 und zwar mit voller Kraft. Das sp\u00fcren wir in den S\u00e4len, beim Publikum und in der gesamten Branche\u201c, erkl\u00e4rt Christian D\u00f6rfler, Obmann des Fachverbandes der Kino-, Kultur- und Vergn\u00fcgungsbetriebe. \u201eMit dem KINOFEST m\u00f6chten wir die Menschen einladen, ihr Kino wieder ganz bewusst zu erleben: raus aus dem Alltag, eintauchen in gro\u00dfe Geschichten und gemeinsam einen besonderen Tag feiern. Am 12. September zeigen wir, wie lebendig, vielf\u00e4ltig und emotional Kino in \u00d6sterreich ist.\u201c<\/p>\n<p>MEHR ALS EIN TICKET: VIELE KINOS PLANEN BESONDERE AKTIONEN<\/p>\n<p>Das KINOFEST lebt auch 2026 von der Vielfalt und Kreativit\u00e4t der teilnehmenden Kinos. Viele Betriebe gestalten den Aktionstag mit eigenen Programmschwerpunkten, Specials und zus\u00e4tzlichen Erlebnissen vor Ort. Geplant sind unter anderem Gl\u00fccksr\u00e4der, Gewinnspiele, Einblicke hinter die Kulissen, Sondervorstellungen, Filmgespr\u00e4che und weitere Aktionen.<\/p>\n<p>Damit wird der 12. September nicht nur ein g\u00fcnstiger Kinotag, sondern ein echtes Fest rund um die gro\u00dfe Leinwand. Jedes Kino setzt eigene Akzente \u2013 gemeinsam entsteht ein \u00f6sterreichweiter Aktionstag, der zeigt, wie vielseitig und besonders Kino sein kann.<\/p>\n<p>JETZT IST DER PERFEKTE MOMENT, KINO ZU FEIERN<\/p>\n<p>Auch die \u00f6sterreichischen Filmverleiher:innen unterst\u00fctzen das KINOFEST 2026 aktiv. Ziel ist es, am 12. September ein m\u00f6glichst breites Publikum vor die gro\u00dfe Leinwand zu holen und die Vielfalt des aktuellen Filmangebots sichtbar zu machen \u2013 von Blockbustern \u00fcber Familienfilme bis hin zu Arthouse und \u00f6sterreichischem Kino.<\/p>\n<p>\u201eDas KINOFEST ist ein Tag, an dem wir gemeinsam zeigen k\u00f6nnen, warum Kino so besonders ist\u201c, betont Michael Stejskal, Vorsitzender der Berufsgruppe Filmverleih\/-vertrieb im Fachverband der Film- und Musikwirtschaft. \u201eKino ber\u00fchrt, verbindet und begeistert \u2013 und genau dieses Gef\u00fchl wollen wir am 12. September mit m\u00f6glichst vielen Menschen teilen. Wer Kino liebt oder wieder einmal ins Kino gehen m\u00f6chte, sollte sich diesen Tag nicht entgehen lassen.\u201c<\/p>\n<p>STARKE UNTERST\u00dcTZUNG F\u00dcR DAS KINOFEST \u00d6STERREICH<\/p>\n<p>Das KINOFEST 2026 wird vom Bundesministerium f\u00fcr Wohnen, Kunst, Kultur, Medien und Sport unterst\u00fctzt. Damit wird ein starkes Zeichen f\u00fcr die \u00f6sterreichische Kino- und Filmkultur gesetzt. Denn Kino ist nicht nur Freizeitgestaltung, sondern auch ein wichtiger Kultur- und Begegnungsort \u2013 in St\u00e4dten, Regionen und Gemeinden in ganz \u00d6sterreich.<\/p>\n<p>EIN TAG F\u00dcR DIE GROSSE LEINWAND<\/p>\n<p>Mit seiner zweiten Ausgabe entwickelt sich das KINOFEST weiter zu einem festen Aktionstag f\u00fcr das Publikum und die \u00f6sterreichische Kinobranche. Der Termin im September setzt bewusst einen starken Impuls zum Start der Kinoherbstsaison und r\u00fcckt aktuelle Filme, kommende Highlights und die Vielfalt der heimischen Kinolandschaft in den Mittelpunkt.<\/p>\n<p>Am 12. September hei\u00dft es daher in ganz \u00d6sterreich: raus aus dem Alltag, rein ins Kino \u2013 und gemeinsam das Fest des Jahres f\u00fcr alle Kinofans feiern. (PWK403\/EL)<\/p>\n<p>FAKTEN ZUM KINOFEST 2026<\/p>\n<p>Datum: Samstag, 12. September 2026<\/p>\n<p>Preis: Einheitlich 5,90 Euro pro Ticket, ausgenommen Sonderformate<\/p>\n<p>Teilnahme: Kinos in ganz \u00d6sterreich<\/p>\n<p>Website: <a target=\"_blank\" rel=\"noopener noreferrer nofollow\" href=\"http:\/\/www.daskinofest.at\">www.daskinofest.at<\/a><\/p>\n<p>Instagram: DAS KINOFEST \u00d6sterreich (@daskinofest.at)<\/p>\n<p>Facebook: Das Kinofest \u00d6sterreich<\/p>\n<p>TikTok: DAS KINOFEST \u00d6sterreich (@daskinofest.at)<\/p>\n<p>YouTube: Das Kinofest \u00d6sterreich<\/p>\n","protected":false},"excerpt":{"rendered":"Kino ist zur\u00fcck. Und am Samstag, dem 12. September 2026, wird daraus ein Fest f\u00fcr ganz \u00d6sterreich: Das&hellip;\n","protected":false},"author":2,"featured_media":356846,"comment_status":"","ping_status":"","sticky":false,"template":"","format":"standard","meta":{"footnotes":"","_share_on_mastodon":"0"},"categories":[22],"tags":[22691,26393,26395,46,42,147,90482,152,90483,44,26394,148],"class_list":["post-356845","post","type-post","status-publish","format-standard","has-post-thumbnail","category-unterhaltung","tag-wkoe","tag-apa","tag-apa-ots","tag-at","tag-austria","tag-entertainment","tag-filmwirtschaft","tag-kino","tag-kinofest","tag-oesterreich","tag-ots","tag-unterhaltung"],"share_on_mastodon":{"url":"https:\/\/pubeurope.com\/@at\/117160594761486707","error":""},"_links":{"self":[{"href":"https:\/\/www.europesays.com\/at\/wp-json\/wp\/v2\/posts\/356845","targetHints":{"allow":["GET"]}}],"collection":[{"href":"https:\/\/www.europesays.com\/at\/wp-json\/wp\/v2\/posts"}],"about":[{"href":"https:\/\/www.europesays.com\/at\/wp-json\/wp\/v2\/types\/post"}],"author":[{"embeddable":true,"href":"https:\/\/www.europesays.com\/at\/wp-json\/wp\/v2\/users\/2"}],"replies":[{"embeddable":true,"href":"https:\/\/www.europesays.com\/at\/wp-json\/wp\/v2\/comments?post=356845"}],"version-history":[{"count":0,"href":"https:\/\/www.europesays.com\/at\/wp-json\/wp\/v2\/posts\/356845\/revisions"}],"wp:featuredmedia":[{"embeddable":true,"href":"https:\/\/www.europesays.com\/at\/wp-json\/wp\/v2\/media\/356846"}],"wp:attachment":[{"href":"https:\/\/www.europesays.com\/at\/wp-json\/wp\/v2\/media?parent=356845"}],"wp:term":[{"taxonomy":"category","embeddable":true,"href":"https:\/\/www.europesays.com\/at\/wp-json\/wp\/v2\/categories?post=356845"},{"taxonomy":"post_tag","embeddable":true,"href":"https:\/\/www.europesays.com\/at\/wp-json\/wp\/v2\/tags?post=356845"}],"curies":[{"name":"wp","href":"https:\/\/api.w.org\/{rel}","templated":true}]}}