{"id":357113,"date":"2026-08-26T09:58:11","date_gmt":"2026-08-26T09:58:11","guid":{"rendered":"https:\/\/www.europesays.com\/at\/357113\/"},"modified":"2026-08-26T09:58:11","modified_gmt":"2026-08-26T09:58:11","slug":"euregio-awards-2026-zwoelf-finalprojekte-stehen-fest","status":"publish","type":"post","link":"https:\/\/www.europesays.com\/at\/357113\/","title":{"rendered":"Euregio-Awards 2026: Zw\u00f6lf Finalprojekte stehen fest"},"content":{"rendered":"<p>Rekordbeteiligung bei den diesj\u00e4hrigen Euregio-Awards: Aus 105 Einreichungen haben es zw\u00f6lf Finalisten in die Endrunde geschafft. Am 29. August entscheidet sich beim European Forum Alpbach, wer den Euregio-Jungforscherpreis und den Euregio-Innovationspreis mit nach Hause nimmt.<\/p>\n<p>Beim Euregio-Jungforscherpreis und Euregio-Innovationspreis (im Bild f\u00fcr das Jahr 2025) wird es 2026 erstmals Siegerinnen in je zwei Kategorien pro Preis geben. (Foto: EFA\/Philipp Huber)<\/p>\n<p>Mit 49 Bewerbungen f\u00fcr den Euregio-Jungforscherpreis und 56 f\u00fcr den Euregio-Innovationspreis verzeichnen die Awards heuer einen neuen H\u00f6chststand. Vergeben werden die Auszeichnungen j\u00e4hrlich von der Wirtschaftskammer Tirol sowie den Handelskammern Bozen und Trient gemeinsam mit der Euregio Tirol-S\u00fcdtirol-Trentino f\u00fcr herausragende Projekte aus Forschung und Entwicklung. Das Finale findet am Nachmittag des 29. August 2026 im Rahmen der Euregio-Days beim European Forum Alpbach statt, die Siegerehrung folgt um 18.30 Uhr.<\/p>\n<p>                Antwort auf die zentrale EFA-Frage                                    <\/p>\n<p>Passend zur heurigen Leitfrage des Forums \u201eHow Europe wins?\u201c sehen die Verantwortlichen in den Awards ein klares Statement. Euregio-Pr\u00e4sident und Tirols Landeshauptmann Anton Mattle bringt es auf den Punkt: \u201eWir sagen: Europa gewinnt mit starken Regionen. Das zeigt sich an den Euregio-Days gesamt und den Euregio-Awards im speziellen: In der Euregio steckt eine enorme Forschungs- und Innovationskraft. Sie erlaubt uns, dank Weiterentwicklung zukunftsweisende L\u00f6sungen f\u00fcr morgen zu finden.\u201c<\/p>\n<p>S\u00fcdtirols Landeshauptmann Arno Kompatscher bezeichnet die Finalisten als \u201eAush\u00e4ngeschilder dieser Innovationskraft\u201c: \u201eAlle Einreichungen verbindet eines: Sie entwickeln konkrete Projekte und damit einen sp\u00fcrbaren Mehrwert f\u00fcr den Euregio-Raum. Das zeigt, wie Regionen in Europa im Kleinen das gro\u00dfe Ganze pr\u00e4gen k\u00f6nnen. Was in Tirol, S\u00fcdtirol Welschtirol passiert, hat auch Einfluss auf andere Regionen und L\u00e4nder \u2013 und umgekehrt.\u201c<\/p>\n<p>Auch der Welschtiroler Landeshauptmann Maurizio Fugatti zeigt sich beeindruckt: Die Euregio-Awards w\u00fcrden \u201ejedes Jahr die Vielseitigkeit und den Erfahrungsschatz\u201c der Region aufzeigen. Unabh\u00e4ngig von der finalen Platzierung h\u00e4tten sich alle Teilnehmenden mit wertvollen Vorschl\u00e4gen eingebracht und Anerkennung verdient, da ihre Arbeit die Wettbewerbsf\u00e4higkeit f\u00f6rdere und zum Wohl der B\u00fcrger aller drei L\u00e4nder beitrage.<\/p>\n<p>                Erstmals vier Sieger statt zwei                                    <\/p>\n<p>Eine Neuerung gibt es heuer bei der Preisvergabe: Erstmals werden pro Award zwei Kategorien unterschieden, wodurch insgesamt vier Sieger gek\u00fcrt werden. Die Fachjurys standen dabei unter dem Vorsitz von Ulrike Tappeiner, Leiterin des Instituts f\u00fcr Alpine Umwelt von Eurac Research, f\u00fcr den JungforscherInnenpreis sowie von Marcus Hofer, Gesch\u00e4ftsf\u00fchrer der Standortagentur Tirol, f\u00fcr den Innovationspreis. F\u00fcr jede Kategorie wurden jeweils drei Finalprojekte ausgew\u00e4hlt.<\/p>\n<p>Regional verteilen sich die Finalisten wie folgt: Von 48 Einreichungen aus Tirol schafften es f\u00fcnf ins Finale, aus S\u00fcdtirol sind es zwei von 24 Einreichungen, aus Welschtirol f\u00fcnf von 33.<\/p>\n","protected":false},"excerpt":{"rendered":"Rekordbeteiligung bei den diesj\u00e4hrigen Euregio-Awards: Aus 105 Einreichungen haben es zw\u00f6lf Finalisten in die Endrunde geschafft. Am 29.&hellip;\n","protected":false},"author":2,"featured_media":357114,"comment_status":"","ping_status":"","sticky":false,"template":"","format":"standard","meta":{"footnotes":"","_share_on_mastodon":"0"},"categories":[6],"tags":[46,42,268,274,270,272,275,40,265,44,266,269,271,43,45,109,264,263,267,273,66],"class_list":["post-357113","post","type-post","status-publish","format-standard","has-post-thumbnail","category-oesterreich","tag-at","tag-austria","tag-chronik","tag-diskussion","tag-gesellschaft","tag-mediengeschehen","tag-meinung","tag-nachrichten","tag-nordtirol","tag-oesterreich","tag-osttirol","tag-politik","tag-presseklick","tag-republic-of-austria","tag-republik-oesterreich","tag-sport","tag-suedtirol","tag-unsertirol24","tag-ut24","tag-ut24-blog","tag-welt"],"share_on_mastodon":{"url":"https:\/\/pubeurope.com\/@at\/117161224228112375","error":""},"_links":{"self":[{"href":"https:\/\/www.europesays.com\/at\/wp-json\/wp\/v2\/posts\/357113","targetHints":{"allow":["GET"]}}],"collection":[{"href":"https:\/\/www.europesays.com\/at\/wp-json\/wp\/v2\/posts"}],"about":[{"href":"https:\/\/www.europesays.com\/at\/wp-json\/wp\/v2\/types\/post"}],"author":[{"embeddable":true,"href":"https:\/\/www.europesays.com\/at\/wp-json\/wp\/v2\/users\/2"}],"replies":[{"embeddable":true,"href":"https:\/\/www.europesays.com\/at\/wp-json\/wp\/v2\/comments?post=357113"}],"version-history":[{"count":0,"href":"https:\/\/www.europesays.com\/at\/wp-json\/wp\/v2\/posts\/357113\/revisions"}],"wp:featuredmedia":[{"embeddable":true,"href":"https:\/\/www.europesays.com\/at\/wp-json\/wp\/v2\/media\/357114"}],"wp:attachment":[{"href":"https:\/\/www.europesays.com\/at\/wp-json\/wp\/v2\/media?parent=357113"}],"wp:term":[{"taxonomy":"category","embeddable":true,"href":"https:\/\/www.europesays.com\/at\/wp-json\/wp\/v2\/categories?post=357113"},{"taxonomy":"post_tag","embeddable":true,"href":"https:\/\/www.europesays.com\/at\/wp-json\/wp\/v2\/tags?post=357113"}],"curies":[{"name":"wp","href":"https:\/\/api.w.org\/{rel}","templated":true}]}}