{"id":357259,"date":"2026-08-26T11:26:10","date_gmt":"2026-08-26T11:26:10","guid":{"rendered":"https:\/\/www.europesays.com\/at\/357259\/"},"modified":"2026-08-26T11:26:10","modified_gmt":"2026-08-26T11:26:10","slug":"das-kino-fest-des-jahres-mit-100-standorten-wiener-bezirksblatt","status":"publish","type":"post","link":"https:\/\/www.europesays.com\/at\/357259\/","title":{"rendered":"Das Kino-Fest des Jahres mit 100 Standorten! &#8211; Wiener Bezirksblatt"},"content":{"rendered":"<p><a href=\"https:\/\/news.google.com\/rss\/articles\/CBMif0FVX3lxTE92UnhEV1ZrLTZuWDZ6aUhIVC1QelZvNHFtd3NRaFpaMzAycXpoejMwWWNwRzhBZkFuc0J3Y09DOWpBcnZBUjBJamlSVldsemJIaGdXWVZ0Q1IzUVZPX0dhWUNfbDhEXzhtN0UwdUg1aHJRczZsUDdzQW92Q2Znb00?oc=5\" target=\"_blank\" rel=\"nofollow noopener\">Das Kino-Fest des Jahres mit 100 Standorten!<\/a>&nbsp;&nbsp;Wiener Bezirksblatt<a href=\"https:\/\/news.google.com\/rss\/articles\/CBMi2gFBVV95cUxQZ0hDTFBOcG1yYXVyTjJ0bkFkWmdKUDJQelVZaVFrMGtPbjhzT1l2YWQ1WHF1ei1CZ0pBYmpkUHhYNjZOV1V4ajl4NTVhMm8zNld2cldMOTM3ZzUwcXlaWV9nODdfWkt6VktQZHBrRVdVS0NvOEpPbjJsWXJZY1NRd3B0dEczbDZvRm16TWVFLVhXQm1nRFdIUG9tc1AtRnQtNDlCclV2VkhYZWoyam5iTVp1djNubGdWVlRhVHE0SUZlUks3c0x0QzUtNE5yTHpLeGpEQUpvazBTZw?oc=5\" target=\"_blank\" rel=\"nofollow noopener\">In diesen Allg\u00e4uer Kinos gibt es bald jeden Film f\u00fcr f\u00fcnf Euro zu sehen<\/a>&nbsp;&nbsp;Allg\u00e4uer Zeitung<a href=\"https:\/\/news.google.com\/rss\/articles\/CBMinwFBVV95cUxPV3oybHZoTU1sNlVyYlRhdHFzUERNTmZXLXhhWUdxdDJydVdDXzRkZW8zeUhrVGJRekFvVkh1cUd6VUx6S2tYWlVieWFXeXFGRXMxZ2QtRkpWYlNQU25KYjUyS1MyczFQQWNORkQzbGdXWGMxRHAyQTUzWU0tOGZ5cW1maWIwOWl5MkVOZkppbXBIOXQ2eWtodjVoRE4zUFk?oc=5\" target=\"_blank\" rel=\"nofollow noopener\">F\u00fcr f\u00fcnf Euro ins Kino: Diese Kinos in N\u00fcrnberg, F\u00fcrth und Erlangen sind beim Kinofest 2026 dabei<\/a>&nbsp;&nbsp;Nordbayern<a href=\"https:\/\/news.google.com\/rss\/articles\/CBMi1AFBVV95cUxNbU5RY0hMT281R1NaM2otazBEblNXZFBwWERJdTRGc2NkYVpBQkx4Tng2eUtyYzNkVDV0YmV6SVl0akNQNUFxS3lSR0lOTWU5Ri1rSkVMTnhtQ1dOZmRzX29xckp1SEJYeXZVd0lOZFpLUmZlc1JIRElqMDBzMWkxbWhrbUN6RVNLZWxIWVVkaDlSSEpySUltRV9VRXozTy1WczhMRVAxZ01iVGw4Y2dpQ1BxTjEzdEItemNyd19NZU1LZTdxTWdVbXoyald3NWdPVEFHag?oc=5\" target=\"_blank\" rel=\"nofollow noopener\">Alle Filme f\u00fcr 5 Euro sehen: Diese bayerischen Kinos machen beim Kinofest mit<\/a>&nbsp;&nbsp;Augsburger Allgemeine<a href=\"https:\/\/news.google.com\/rss\/articles\/CBMiZEFVX3lxTE5JbVVUQ1k0RWh0a1JPTlZFNHFxYWdsN0dFeU0wWXJfWU5yZjdjeHRZQVd4UG9kd0xkNFJSV2J4UTdYVUp5Nzl4NW1TbjVTUXpFMG1CQlRjQ2ppeGxqaHQ2NVhLZzc?oc=5\" target=\"_blank\" rel=\"nofollow noopener\">Kino ist zur\u00fcck: Das KINOFEST \u00d6sterreich 2026 setzt noch eines drauf<\/a>&nbsp;&nbsp;wko.at<\/p>\n","protected":false},"excerpt":{"rendered":"Das Kino-Fest des Jahres mit 100 Standorten!&nbsp;&nbsp;Wiener BezirksblattIn diesen Allg\u00e4uer Kinos gibt es bald jeden Film f\u00fcr f\u00fcnf&hellip;\n","protected":false},"author":2,"featured_media":357260,"comment_status":"","ping_status":"","sticky":false,"template":"","format":"standard","meta":{"footnotes":"","_share_on_mastodon":"0"},"categories":[22],"tags":[46,42,9780,151,147,90483,9591,28490,44,148],"class_list":["post-357259","post","type-post","status-publish","format-standard","has-post-thumbnail","category-unterhaltung","tag-at","tag-austria","tag-blockbuster","tag-cinema","tag-entertainment","tag-kinofest","tag-kinofilm","tag-leinwand","tag-oesterreich","tag-unterhaltung"],"share_on_mastodon":{"url":"https:\/\/pubeurope.com\/@at\/117161570330105293","error":""},"_links":{"self":[{"href":"https:\/\/www.europesays.com\/at\/wp-json\/wp\/v2\/posts\/357259","targetHints":{"allow":["GET"]}}],"collection":[{"href":"https:\/\/www.europesays.com\/at\/wp-json\/wp\/v2\/posts"}],"about":[{"href":"https:\/\/www.europesays.com\/at\/wp-json\/wp\/v2\/types\/post"}],"author":[{"embeddable":true,"href":"https:\/\/www.europesays.com\/at\/wp-json\/wp\/v2\/users\/2"}],"replies":[{"embeddable":true,"href":"https:\/\/www.europesays.com\/at\/wp-json\/wp\/v2\/comments?post=357259"}],"version-history":[{"count":0,"href":"https:\/\/www.europesays.com\/at\/wp-json\/wp\/v2\/posts\/357259\/revisions"}],"wp:featuredmedia":[{"embeddable":true,"href":"https:\/\/www.europesays.com\/at\/wp-json\/wp\/v2\/media\/357260"}],"wp:attachment":[{"href":"https:\/\/www.europesays.com\/at\/wp-json\/wp\/v2\/media?parent=357259"}],"wp:term":[{"taxonomy":"category","embeddable":true,"href":"https:\/\/www.europesays.com\/at\/wp-json\/wp\/v2\/categories?post=357259"},{"taxonomy":"post_tag","embeddable":true,"href":"https:\/\/www.europesays.com\/at\/wp-json\/wp\/v2\/tags?post=357259"}],"curies":[{"name":"wp","href":"https:\/\/api.w.org\/{rel}","templated":true}]}}