{"id":357575,"date":"2026-08-26T14:45:19","date_gmt":"2026-08-26T14:45:19","guid":{"rendered":"https:\/\/www.europesays.com\/at\/357575\/"},"modified":"2026-08-26T14:45:19","modified_gmt":"2026-08-26T14:45:19","slug":"von-erl-bis-innsbruck-tirols-grosse-buehne-fuer-junge-musiker","status":"publish","type":"post","link":"https:\/\/www.europesays.com\/at\/357575\/","title":{"rendered":"Von Erl bis Innsbruck: Tirols gro\u00dfe B\u00fchne f\u00fcr junge Musiker"},"content":{"rendered":"<p>Tirol bietet Musikbegeisterten im Herbst gleich zwei besondere Termine: Am 11. September steht das Abschlusskonzert der Orchesterakademie in Erl auf dem Programm, im November folgt das Finale des Werner-Pirchner-Preises in Innsbruck. Das Land setzt damit weiter auf die F\u00f6rderung des musikalischen Nachwuchses.<\/p>\n<p>Das Land Tirol und die mdw \u2013 Universit\u00e4t f\u00fcr Musik und darstellende Kunst Wien vergeben den Werner-Pirchner-Preis dieses Jahr in den Kategorien Kammermusikensemble und Oboe.<br \/>\n(\u00a9 Land Tirol\/Sophie Kary)<\/p>\n<p>                Orchesterakademie geht in zweite Runde                                    <\/p>\n<p>Nach dem erfolgreichen Start im Vorjahr in Zusammenarbeit mit den Tiroler Festspielen Erl legt die Orchesterakademie Tirol heuer nach. Von 5. bis 11. September proben rund 65 ausgew\u00e4hlte Nachwuchsmusiker im Alter von 14 bis 24 Jahren intensiv im Festspielhaus Erl \u2013 unter Anleitung des renommierten Dirigenten Vinzenz Praxmarer sowie internationaler Dozenten. Den H\u00f6hepunkt bildet das Abschlusskonzert am 11. September um 18 Uhr, bei dem junge Instrumentalisten aus Tirol, \u00d6sterreich und dem benachbarten Ausland ihr K\u00f6nnen unter Beweis stellen.<\/p>\n<p>Auf dem Programm stehen Werke von Carl Maria von Weber, C\u00e9cile Chaminade, Richard Strauss und Pjotr Iljitsch Tschaikowski. Als Konzertmeisterin fungiert die 21-j\u00e4hrige Violinistin Lucia Kaplowitz aus Zagreb, die bereits im Wiener Musikverein und in der New Yorker Carnegie Hall aufgetreten ist. \u201eEine ganze Woche voller intensiver Proben m\u00fcndet in diesem Konzertabend \u2013 das Publikum kann sich auf junge Musikerinnen und Musiker freuen, die mit gro\u00dfer Begeisterung und auf h\u00f6chstem Niveau musizieren\u201c, so Bildungslandesr\u00e4tin Cornelia Hagele. Karten gibt es auf der Website der Tiroler Festspiele Erl.<\/p>\n<p>                Werner-Pirchner-Preis lockt internationale Talente nach Innsbruck                                    <\/p>\n<p>Bereits zum f\u00fcnften Mal wird im November der Werner-Pirchner-Preis vergeben \u2013 und erstmals k\u00f6nnen sich neben Solisten in der Kategorie Oboe auch Kammermusikensembles mit Bl\u00e4sern bewerben, bestehend aus vier bis acht Mitgliedern. Insgesamt treten vom 2. bis 5. November 82 junge Musiker aus 15 Nationen an, darunter drei Tiroler Ensembles.<\/p>\n<p>Nach dem Semifinale am 3. November am Tiroler Landeskonservatorium sowie Meisterklassen und Proben am Folgetag f\u00e4llt am 5. November im Haus der Musik Innsbruck die Entscheidung: Jeweils drei Finalisten pro Kategorie treten gegeneinander an, die Oboisten werden dabei vom Werner-Pirchner-Preis-Orchester unter der Leitung von Dorian Keilhack begleitet. Das Finale ist \u00f6ffentlich zug\u00e4nglich.<\/p>\n<p>                B\u00fchne f\u00fcr internationale Kontakte                                    <\/p>\n<p>\u201eTirol ist ein Land mit gro\u00dfer musikalischer Tradition und mit au\u00dfergew\u00f6hnlich talentierten jungen Musikerinnen und Musikern. Mit der Orchesterakademie und dem Werner-Pirchner-Preis schaffen wir B\u00fchnen, auf denen sie ihr K\u00f6nnen zeigen, internationale Erfahrungen sammeln und wichtige Kontakte kn\u00fcpfen k\u00f6nnen\u201c, betont Hagele. Den Werner-Pirchner-Preis beschreibt sie als Treffpunkt f\u00fcr den internationalen musikalischen Nachwuchs: \u201eDas Finale ist eine hervorragende Gelegenheit, diese au\u00dfergew\u00f6hnliche Vielfalt und Qualit\u00e4t live zu erleben.\u201c<\/p>\n","protected":false},"excerpt":{"rendered":"Tirol bietet Musikbegeisterten im Herbst gleich zwei besondere Termine: Am 11. September steht das Abschlusskonzert der Orchesterakademie in&hellip;\n","protected":false},"author":2,"featured_media":357576,"comment_status":"","ping_status":"","sticky":false,"template":"","format":"standard","meta":{"footnotes":"","_share_on_mastodon":"0"},"categories":[32],"tags":[46,42,268,274,270,193,272,275,40,265,44,266,269,271,109,264,263,267,273,66],"class_list":["post-357575","post","type-post","status-publish","format-standard","has-post-thumbnail","category-innsbruck","tag-at","tag-austria","tag-chronik","tag-diskussion","tag-gesellschaft","tag-innsbruck","tag-mediengeschehen","tag-meinung","tag-nachrichten","tag-nordtirol","tag-oesterreich","tag-osttirol","tag-politik","tag-presseklick","tag-sport","tag-suedtirol","tag-unsertirol24","tag-ut24","tag-ut24-blog","tag-welt"],"share_on_mastodon":{"url":"https:\/\/pubeurope.com\/@at\/117162352952845731","error":""},"_links":{"self":[{"href":"https:\/\/www.europesays.com\/at\/wp-json\/wp\/v2\/posts\/357575","targetHints":{"allow":["GET"]}}],"collection":[{"href":"https:\/\/www.europesays.com\/at\/wp-json\/wp\/v2\/posts"}],"about":[{"href":"https:\/\/www.europesays.com\/at\/wp-json\/wp\/v2\/types\/post"}],"author":[{"embeddable":true,"href":"https:\/\/www.europesays.com\/at\/wp-json\/wp\/v2\/users\/2"}],"replies":[{"embeddable":true,"href":"https:\/\/www.europesays.com\/at\/wp-json\/wp\/v2\/comments?post=357575"}],"version-history":[{"count":0,"href":"https:\/\/www.europesays.com\/at\/wp-json\/wp\/v2\/posts\/357575\/revisions"}],"wp:featuredmedia":[{"embeddable":true,"href":"https:\/\/www.europesays.com\/at\/wp-json\/wp\/v2\/media\/357576"}],"wp:attachment":[{"href":"https:\/\/www.europesays.com\/at\/wp-json\/wp\/v2\/media?parent=357575"}],"wp:term":[{"taxonomy":"category","embeddable":true,"href":"https:\/\/www.europesays.com\/at\/wp-json\/wp\/v2\/categories?post=357575"},{"taxonomy":"post_tag","embeddable":true,"href":"https:\/\/www.europesays.com\/at\/wp-json\/wp\/v2\/tags?post=357575"}],"curies":[{"name":"wp","href":"https:\/\/api.w.org\/{rel}","templated":true}]}}