{"id":357657,"date":"2026-08-26T15:35:08","date_gmt":"2026-08-26T15:35:08","guid":{"rendered":"https:\/\/www.europesays.com\/at\/357657\/"},"modified":"2026-08-26T15:35:08","modified_gmt":"2026-08-26T15:35:08","slug":"pk-zum-amtsantritt-von-gerald-scheiblehner-und-spieltagsvorschau","status":"publish","type":"post","link":"https:\/\/www.europesays.com\/at\/357657\/","title":{"rendered":"PK zum Amtsantritt von Gerald Scheiblehner und Spieltagsvorschau"},"content":{"rendered":"<p>          <a href=\"https:\/\/www.grazerak.at\/aktuelles\" itemprop=\"item\" rel=\"nofollow noopener\" target=\"_blank\">Aktuelles<\/a><\/p>\n<p>                  \/<br \/>\n              <a href=\"http:\/\/www.grazerak.at\/aktuelles#news\" itemprop=\"item\" rel=\"nofollow noopener\" target=\"_blank\">News<\/a><\/p>\n<p>                          \/ Redaktion<br \/>\n                          \/ Mittwoch 26.08.2026<\/p>\n<p>Bei der heutigen Pressekonferenz wurde Gerald Scheiblehner offiziell als neuen Cheftrainer vorgestellt. Gemeinsam mit Interims-Sportdirektor Andreas Lienhart und Peter Michorl blickte er auch schon auf das Heimspiel gegen den RZ Pellets WAC am Samstag.<\/p>\n<p>Drei Trainingseinheiten hatte Gerald Scheiblehner zu diesem Zeitpunkt hinter sich. &#8222;Ich habe eine sehr ehrgeizige Mannschaft vorgefunden, eine Mannschaft, die extrem mitzieht und den Eindruck vermittelt, dass sie gierig ist, dass sie hungrig ist.&#8220; An der Grundstruktur will er wenig \u00e4ndern, an der Art und Weise schon: mehr Energie, mehr Intensit\u00e4t, dazu ein Plan, den jeder Spieler versteht. Warum es der GAK geworden ist, machte er an den handelnden Personen fest, an den Zielen des Vereins und daran, dass er sein Trainerteam mit Daniel Rozsa und Toni Mestrovic mitbringen konnte.<\/p>\n<p>Andreas Lienhart bedankte sich bei Joachim Standfest und dem bisherigen Trainerstab und blieb beim Transferfenster bei seiner Linie: keine Schnellsch\u00fcsse. Peter Michorl beschrieb, was ein Trainerwechsel ausl\u00f6st: &#8222;Die Karten werden neu gemischt, jeder beginnt bei null.&#8220; Sein Anspruch f\u00fcr Samstag: &#8222;Das Wichtigste ist, dass wir um 17 Uhr diese Grundprinzipien mit Energie f\u00fcllen.&#8220; Scheiblehner formulierte es so: &#8222;Ich bin mir ganz sicher, dass wir bis Samstag so gute Energie ins Stadion bringen, dass alle das Gef\u00fchl haben: Da gibt es eine Mannschaft, die dieses Spiel um jeden Preis gewinnen will.&#8220;<\/p>\n","protected":false},"excerpt":{"rendered":"Aktuelles \/ News \/ Redaktion \/ Mittwoch 26.08.2026 Bei der heutigen Pressekonferenz wurde Gerald Scheiblehner offiziell als neuen&hellip;\n","protected":false},"author":2,"featured_media":357658,"comment_status":"","ping_status":"","sticky":false,"template":"","format":"standard","meta":{"footnotes":"","_share_on_mastodon":"0"},"categories":[18],"tags":[46,42,115,113,110,112,111,114,44,109,108,116],"class_list":["post-357657","post","type-post","status-publish","format-standard","has-post-thumbnail","category-sport","tag-at","tag-austria","tag-fussball-graz","tag-gac","tag-gak","tag-gak-1902","tag-grazer-ak","tag-grazer-athletiksport-klub","tag-oesterreich","tag-sport","tag-sports","tag-steiermark"],"share_on_mastodon":{"url":"https:\/\/pubeurope.com\/@at\/117162549300064464","error":""},"_links":{"self":[{"href":"https:\/\/www.europesays.com\/at\/wp-json\/wp\/v2\/posts\/357657","targetHints":{"allow":["GET"]}}],"collection":[{"href":"https:\/\/www.europesays.com\/at\/wp-json\/wp\/v2\/posts"}],"about":[{"href":"https:\/\/www.europesays.com\/at\/wp-json\/wp\/v2\/types\/post"}],"author":[{"embeddable":true,"href":"https:\/\/www.europesays.com\/at\/wp-json\/wp\/v2\/users\/2"}],"replies":[{"embeddable":true,"href":"https:\/\/www.europesays.com\/at\/wp-json\/wp\/v2\/comments?post=357657"}],"version-history":[{"count":0,"href":"https:\/\/www.europesays.com\/at\/wp-json\/wp\/v2\/posts\/357657\/revisions"}],"wp:featuredmedia":[{"embeddable":true,"href":"https:\/\/www.europesays.com\/at\/wp-json\/wp\/v2\/media\/357658"}],"wp:attachment":[{"href":"https:\/\/www.europesays.com\/at\/wp-json\/wp\/v2\/media?parent=357657"}],"wp:term":[{"taxonomy":"category","embeddable":true,"href":"https:\/\/www.europesays.com\/at\/wp-json\/wp\/v2\/categories?post=357657"},{"taxonomy":"post_tag","embeddable":true,"href":"https:\/\/www.europesays.com\/at\/wp-json\/wp\/v2\/tags?post=357657"}],"curies":[{"name":"wp","href":"https:\/\/api.w.org\/{rel}","templated":true}]}}