{"id":357795,"date":"2026-08-26T17:01:09","date_gmt":"2026-08-26T17:01:09","guid":{"rendered":"https:\/\/www.europesays.com\/at\/357795\/"},"modified":"2026-08-26T17:01:09","modified_gmt":"2026-08-26T17:01:09","slug":"etappensieg-gegen-enteignung-fuer-grazer-flughafenbahnsteig","status":"publish","type":"post","link":"https:\/\/www.europesays.com\/at\/357795\/","title":{"rendered":"Etappensieg gegen Enteignung f\u00fcr Grazer Flughafenbahnsteig"},"content":{"rendered":"<p>Das Landesverwaltungsgericht st\u00e4rkt Landwirt Adolf Egger im Kampf um sein enteignetes Grundst\u00fcck den R\u00fccken. An den Verfahren h\u00e4ngt das auf Eis liegende Projekt der Koralm-Haltestelle am Flughafen.<\/p>\n<p class=\"klz-story-element-paragraph klz-text-copy\" data-testid=\"article-paragraph\">Es ist gef\u00fchlt ein Kampf gegen die Windm\u00fchlen des Rechtsstaats \u2013 und diese mahlen langsam. Das wei\u00df der Landwirt Adolf Egger (71) aus Feldkirchen bei Graz. <a href=\"https:\/\/www.kleinezeitung.at\/steiermark\/20476192\/koralmbahn-wird-fall-fuer-verfassungsgerichtshof\" target=\"_self\" rel=\"nofollow noopener\">Wie mehrfach berichtet<\/a>, setzt er ja alle Hebel in Bewegung, um sein Grundst\u00fcck unmittelbar beim Flughafen Graz wieder zur\u00fcckzubekommen. Erstmals wurde es 2002 f\u00fcr eine Erweiterung des Airports enteignet, zehn Jahre bek\u00e4mpfte er dies bis vor die H\u00f6chstgerichte und erhielt es zur\u00fcck. 2020 holten es sich dann die \u00d6BB, um hier f\u00fcr die m\u00f6gliche Errichtung einer unterirdischen Koralmbahn-Haltestelle f\u00fcr den Flughafen bis 2040 den Fu\u00df in der T\u00fcr zu haben. Auch jetzt will sich der 71-J\u00e4hrige nicht geschlagen geben, vor allem, weil der Bau dieses Bahnhofs aktuell mehr als unwahrscheinlich ist.<\/p>\n<p class=\"klz-story-element-paragraph klz-text-copy\" data-testid=\"article-paragraph\">Eggers Kampf gegen die Enteignung ist nun beim Landesverwaltungsgericht (LVwG) erneut erfolgreich gewesen. Er hatte zun\u00e4chst beim Land einen Antrag auf R\u00fcck\u00fcbertragung des Grundst\u00fccks gestellt und ist dort abgeblitzt. Das Land hat damit de facto die Frist f\u00fcr die R\u00fcckgabe des Areals mit 2040 einzementiert. Dieser Bescheid des Landeshauptmannes ist nunmehr durch das LVwG ersatzlos aufgehoben. Nun ist wieder das Land am Zug, um jetzt inhaltlich zu entscheiden, sagt der Anwalt des Enteigneten, Johannes Kerbl. Die entscheidende Rechtsfrage: \u201eDarf man ein Grundst\u00fcck f\u00fcr 20 Jahre enteignen, ohne den Enteignungszweck auch nur im Ansatz zu realisieren?\u201c Der Jurist ist \u00fcberzeugt, dass das mit dem Eigentumsgrundrecht nicht zu vereinbaren sei. Das LVwG f\u00fchrt mit Hinweis auf h\u00f6chstrichterliche Entscheidungen nun auch aus, dass eine \u201eEnteignung auf Vorrat\u201c unzul\u00e4ssig sei.<\/p>\n<p>Kein Hinweis, dass die Haltestelle gebaut wird<\/p>\n<p class=\"klz-story-element-paragraph klz-text-copy\" data-testid=\"article-paragraph\">Anders als die Landesregierung sehen die \u00d6BB aktuell \u00fcberhaupt keine Notwendigkeit f\u00fcr die Haltestelle. Ja, sie haben das Projekt weder im Rahmenplan noch im Zielplan bis 2040 verankert, so die j\u00fcngste Auskunft der \u00d6BB-Infrastruktur gegen\u00fcber der Kleinen Zeitung. Vize-Landeshauptfrau Manuela Khom (\u00d6VP) gab diese Woche bei uns im Interview zu Protokoll, dass sie mit einer Realisierung der Haltestelle gar nicht mehr rechne, so wichtig diese f\u00fcr den Standort auch sei. Der Anwalt des Enteigneten bringt noch einen Punkt vor: \u201eSollte man diese Haltestelle tats\u00e4chlich errichten, m\u00fcsste der Betrieb der Koralmbahn nach meinen Informationen auch \u00fcber Monate eingestellt werden.\u201c <\/p>\n<p><img decoding=\"async\" src=\"https:\/\/www.europesays.com\/at\/wp-content\/uploads\/2026\/08\/1787763669_683_kein Titel.webp\" alt=\"Das Bild zeigt die betonierte Einfahrt in die Unterflurtrasse\" loading=\"lazy\" fetchpriority=\"low\"  class=\"inline-block max-h-[600px] max-w-full h-auto w-auto object-contain\"\/> \u00a9 KLZ\/J\u00fcrgen FuchsBeim Flughafen taucht die Koralmbahn in die Unterflurtrasse ein, f\u00e4hrt aber ohne Halt daran vorbei. Einen Bahnsteig im Keller hat man im Zuge des Baus nicht realisiert<\/p>\n<p class=\"klz-story-element-paragraph klz-text-copy\" data-testid=\"article-paragraph\">Anwalt Kerbl geht nun davon aus, dass das Land im Verfahren nun einen Sachverst\u00e4ndigen zu Rate zieht, das hat er auch beantragt. Eggers Karten, die Enteignung erfolgreich zu bek\u00e4mpfen, seien jetzt gut. Sollte die Enteignung trotzdem bis 31. Dezember 2040 halten, stellt er sich aber auch die Frage, warum Egger das Grundst\u00fcck nicht nutzen k\u00f6nnen sollte. \u201eEr wollte ja einen Park+Ride-Platz errichten, hat vorher dort Erdbeeren angebaut.\u201c Wieso ein Grundst\u00fcck 20 Jahre lang brach liegen m\u00fcsse f\u00fcr ein unterirdisches Projekt, das sich konkret gar nicht in Planung befinde, sei nicht zu verstehen.<\/p>\n<p class=\"klz-story-element-paragraph klz-text-copy\" data-testid=\"article-paragraph\">Aber Egger will sich das Areal nun ohnehin endg\u00fcltig zur\u00fcckholen. Nachdem man ihm, der hier auch schon einmal ein Business-Center bauen wollte, durch die Enteignungen \u201eeinen Millionenschaden bereitet hat\u201c, will er das Grundst\u00fcck wieder in seine Verf\u00fcgungsgewalt bekommen. Gewinnt er den Rechtsstreit, sind die Pl\u00e4ne f\u00fcr die Koralmbahn-Haltestelle beim Flughafen Graz wohl Geschichte. Noch bleibt den \u00d6BB aber auch zur j\u00fcngsten LVwG-Entscheidung der Weg vors H\u00f6chstgericht.<\/p>\n<p>Mehr zum Thema<a href=\"https:\/\/www.kleinezeitung.at\/artikel\/35994974\/kampf-gegen-enteignung-als-pruefstein-fuer-grazer-flughafen-haltestelle\" class=\"shrink-0 relative\" rel=\"nofollow noopener\" target=\"_blank\"><img decoding=\"async\" src=\"https:\/\/www.europesays.com\/at\/wp-content\/uploads\/2026\/08\/AdolfEgger_Pajman_32.jpg\" alt=\"Adolf Egger (71) k\u00e4mpft weiter um sein Grundst\u00fcck vor dem Flughafen Graz\" loading=\"lazy\" fetchpriority=\"auto\"  class=\"size-32 @[380px]:size-36 aspect-square object-cover object-top rounded-l-xl overflow-hidden\"\/><\/a><a href=\"https:\/\/www.kleinezeitung.at\/artikel\/20476192\/koralmbahn-wird-fall-fuer-verfassungsgerichtshof\" class=\"shrink-0 relative\" rel=\"nofollow noopener\" target=\"_blank\"><img decoding=\"async\" src=\"https:\/\/www.europesays.com\/at\/wp-content\/uploads\/2026\/08\/AdolfEgger_Pajman_32.jpg\" alt=\"Landwirt Adolf Egger vor dem umstrittenen Grundst\u00fcck R\u00fcckgabe erst ab 2040?\" loading=\"lazy\" fetchpriority=\"auto\"  class=\"size-32 @[380px]:size-36 aspect-square object-cover object-top rounded-l-xl overflow-hidden\"\/><\/a><\/p>\n","protected":false},"excerpt":{"rendered":"Das Landesverwaltungsgericht st\u00e4rkt Landwirt Adolf Egger im Kampf um sein enteignetes Grundst\u00fcck den R\u00fccken. An den Verfahren h\u00e4ngt&hellip;\n","protected":false},"author":2,"featured_media":357796,"comment_status":"","ping_status":"","sticky":false,"template":"","format":"standard","meta":{"footnotes":"","_share_on_mastodon":"0"},"categories":[29],"tags":[46,42,90632,559,183,20526,86482,7455,492,44],"class_list":["post-357795","post","type-post","status-publish","format-standard","has-post-thumbnail","category-graz","tag-at","tag-austria","tag-enteignung","tag-flughafen","tag-graz","tag-grundstueck","tag-koralm","tag-landwirt","tag-oebb","tag-oesterreich"],"share_on_mastodon":{"url":"https:\/\/pubeurope.com\/@at\/117162887897172449","error":""},"_links":{"self":[{"href":"https:\/\/www.europesays.com\/at\/wp-json\/wp\/v2\/posts\/357795","targetHints":{"allow":["GET"]}}],"collection":[{"href":"https:\/\/www.europesays.com\/at\/wp-json\/wp\/v2\/posts"}],"about":[{"href":"https:\/\/www.europesays.com\/at\/wp-json\/wp\/v2\/types\/post"}],"author":[{"embeddable":true,"href":"https:\/\/www.europesays.com\/at\/wp-json\/wp\/v2\/users\/2"}],"replies":[{"embeddable":true,"href":"https:\/\/www.europesays.com\/at\/wp-json\/wp\/v2\/comments?post=357795"}],"version-history":[{"count":0,"href":"https:\/\/www.europesays.com\/at\/wp-json\/wp\/v2\/posts\/357795\/revisions"}],"wp:featuredmedia":[{"embeddable":true,"href":"https:\/\/www.europesays.com\/at\/wp-json\/wp\/v2\/media\/357796"}],"wp:attachment":[{"href":"https:\/\/www.europesays.com\/at\/wp-json\/wp\/v2\/media?parent=357795"}],"wp:term":[{"taxonomy":"category","embeddable":true,"href":"https:\/\/www.europesays.com\/at\/wp-json\/wp\/v2\/categories?post=357795"},{"taxonomy":"post_tag","embeddable":true,"href":"https:\/\/www.europesays.com\/at\/wp-json\/wp\/v2\/tags?post=357795"}],"curies":[{"name":"wp","href":"https:\/\/api.w.org\/{rel}","templated":true}]}}