{"id":357811,"date":"2026-08-26T17:10:06","date_gmt":"2026-08-26T17:10:06","guid":{"rendered":"https:\/\/www.europesays.com\/at\/357811\/"},"modified":"2026-08-26T17:10:06","modified_gmt":"2026-08-26T17:10:06","slug":"heimspiel-bei-euch-naechster-halt-baernbach","status":"publish","type":"post","link":"https:\/\/www.europesays.com\/at\/357811\/","title":{"rendered":"Heimspiel bei euch: N\u00e4chster Halt B\u00e4rnbach"},"content":{"rendered":"<p>          <a href=\"https:\/\/www.grazerak.at\/aktuelles\" itemprop=\"item\" rel=\"nofollow noopener\" target=\"_blank\">Aktuelles<\/a><\/p>\n<p>                  \/<br \/>\n              <a href=\"http:\/\/www.grazerak.at\/aktuelles#news\" itemprop=\"item\" rel=\"nofollow noopener\" target=\"_blank\">News<\/a><\/p>\n<p>                          \/ Redaktion<br \/>\n                          \/ Mittwoch 26.08.2026<\/p>\n<p>Der Auftakt ist gemacht. Am Montagabend startete unsere Regiotour \u201eHeimspiel bei euch\u201c in die Saison 2026\/27, und zwar dort, wo die roten Wurzeln liegen: im <a href=\"https:\/\/www.gak-tennis.at\/gastro\/point57\" rel=\"nofollow noopener\" target=\"_blank\">point57 in der K\u00f6r\u00f6sistra\u00dfe<\/a>. <\/p>\n<p>Vizepr\u00e4sident Matthias Dielacher, Gesch\u00e4ftsf\u00fchrer Lukas Kokail, Spieler Leon Klassen und Akademieleiter Christian Zach standen den Anwesenden Rede und Antwort, im Mittelpunkt stand die Jugendarbeit. Und wer dabei war, hat einen echten Vorsprung mitgenommen: Die Bekanntgabe unseres neuen Cheftrainers gab es an diesem Abend aus erster Hand, noch bevor sie den Weg in die \u00d6ffentlichkeit fand.<\/p>\n<p>Genau darum geht es bei der Regiotour. Kein Spieltagsrummel, keine Distanz, sondern Austausch auf Augenh\u00f6he. Ihr fragt, wir antworten. Und manchmal erfahrt ihr Dinge eben ein St\u00fcck fr\u00fcher als alle anderen.<\/p>\n<p>Weiter geht es in die West-Steiermark<\/p>\n<p>Der n\u00e4chste Stopp f\u00fchrt uns nach B\u00e4rnbach. Am Mittwoch, den 9. September 2026, sind wir zu Gast im Caf\u00e9 Mocca. Mit dabei sind Neo-Coach Gerald Scheiblehner, Interims-Sportdirektor Andreas Lienhart, Spieler Peter Michorl und Amateuretrainer Matthias Puschl.<\/p>\n<p>Schwerpunkt des Abends sind unsere GAK Amateure. Wie ist die Mannschaft aufgestellt, wie funktioniert der Weg vom Nachwuchs \u00fcber die Amateure bis in die Kampfmannschaft, und was ist heuer das Ziel? Dazu gibt es Antworten von Leuten, die t\u00e4glich damit arbeiten. Eure Fragen sind wie immer ausdr\u00fccklich erw\u00fcnscht, auch abseits des Schwerpunkts.<\/p>\n<p>Dazu ein gem\u00fctlicher Abend bei Getr\u00e4nken und guter Gesellschaft. Egal ob Fanclub-Mitglied, Nachwuchseltern, langj\u00e4hriger Wegbegleiter oder einfach neugierig: Alle sind herzlich willkommen.<\/p>\n<p>Die Eckdaten<\/p>\n<p>Wann: Mittwoch, 9. September 2026, 18:30 Uhr<\/p>\n<p>Wo: Caf\u00e9 Mocca, B\u00e4rnbach<\/p>\n<p>Packt eure Freunde ein und schaut vorbei. Wir freuen uns auf euch! WE ARE GAK!<\/p>\n","protected":false},"excerpt":{"rendered":"Aktuelles \/ News \/ Redaktion \/ Mittwoch 26.08.2026 Der Auftakt ist gemacht. Am Montagabend startete unsere Regiotour \u201eHeimspiel&hellip;\n","protected":false},"author":2,"featured_media":357812,"comment_status":"","ping_status":"","sticky":false,"template":"","format":"standard","meta":{"footnotes":"","_share_on_mastodon":"0"},"categories":[18],"tags":[46,42,115,113,110,112,111,114,44,109,108,116],"class_list":["post-357811","post","type-post","status-publish","format-standard","has-post-thumbnail","category-sport","tag-at","tag-austria","tag-fussball-graz","tag-gac","tag-gak","tag-gak-1902","tag-grazer-ak","tag-grazer-athletiksport-klub","tag-oesterreich","tag-sport","tag-sports","tag-steiermark"],"share_on_mastodon":{"url":"https:\/\/pubeurope.com\/@at\/117162922680806233","error":""},"_links":{"self":[{"href":"https:\/\/www.europesays.com\/at\/wp-json\/wp\/v2\/posts\/357811","targetHints":{"allow":["GET"]}}],"collection":[{"href":"https:\/\/www.europesays.com\/at\/wp-json\/wp\/v2\/posts"}],"about":[{"href":"https:\/\/www.europesays.com\/at\/wp-json\/wp\/v2\/types\/post"}],"author":[{"embeddable":true,"href":"https:\/\/www.europesays.com\/at\/wp-json\/wp\/v2\/users\/2"}],"replies":[{"embeddable":true,"href":"https:\/\/www.europesays.com\/at\/wp-json\/wp\/v2\/comments?post=357811"}],"version-history":[{"count":0,"href":"https:\/\/www.europesays.com\/at\/wp-json\/wp\/v2\/posts\/357811\/revisions"}],"wp:featuredmedia":[{"embeddable":true,"href":"https:\/\/www.europesays.com\/at\/wp-json\/wp\/v2\/media\/357812"}],"wp:attachment":[{"href":"https:\/\/www.europesays.com\/at\/wp-json\/wp\/v2\/media?parent=357811"}],"wp:term":[{"taxonomy":"category","embeddable":true,"href":"https:\/\/www.europesays.com\/at\/wp-json\/wp\/v2\/categories?post=357811"},{"taxonomy":"post_tag","embeddable":true,"href":"https:\/\/www.europesays.com\/at\/wp-json\/wp\/v2\/tags?post=357811"}],"curies":[{"name":"wp","href":"https:\/\/api.w.org\/{rel}","templated":true}]}}