{"id":357925,"date":"2026-08-26T18:16:22","date_gmt":"2026-08-26T18:16:22","guid":{"rendered":"https:\/\/www.europesays.com\/at\/357925\/"},"modified":"2026-08-26T18:16:22","modified_gmt":"2026-08-26T18:16:22","slug":"wunder-von-linz-lask-mit-cl-quali-rekord-celtics-naechster-schock-nach-almaty-debakel","status":"publish","type":"post","link":"https:\/\/www.europesays.com\/at\/357925\/","title":{"rendered":"Wunder von Linz: LASK mit CL-Quali-Rekord \u2013 Celtics n\u00e4chster Schock nach Almaty-Debakel"},"content":{"rendered":"<p>Champions League\u00a0<\/p>\n<p>                                    <img decoding=\"async\" src=\"https:\/\/www.europesays.com\/at\/wp-content\/uploads\/2026\/08\/lask-vs-celtic-2026-1787731987-204543.jpg\" title=\"Wunder von Linz: LASK mit CL-Quali-Rekord \u2013 Celtics n\u00e4chster Schock nach Almaty-Debakel\" alt=\"Wunder von Linz: LASK mit CL-Quali-Rekord \u2013 Celtics n\u00e4chster Schock nach Almaty-Debakel\" class=\"\"\/><\/p>\n<p>\n                                       \u00a9IMAGO\n                                    <\/p>\n<p>Vor zehn Monaten steckte der <a title=\"LASK\" href=\"https:\/\/www.transfermarkt.at\/lask\/startseite\/verein\/413\" target=\"_blank\" rel=\"nofollow noopener\">LASK<\/a> noch in der Krise, nun spielen die Ober\u00f6sterreicher in der <a title=\"UEFA Champions League\" href=\"https:\/\/www.transfermarkt.at\/uefa-champions-league\/startseite\/wettbewerb\/CL\" target=\"_blank\" rel=\"nofollow noopener\">Champions League<\/a>. Das eigentlich schon verloren geglaubte Qualifikations-Match gegen <a title=\"Celtic Glasgow\" href=\"https:\/\/www.transfermarkt.at\/celtic-glasgow\/startseite\/verein\/371\" target=\"_blank\" rel=\"nofollow noopener\">Celtic Glasgow<\/a> nach 0:4-R\u00fcckstand wurde f\u00fcr Trainer <a title=\"Dietmar K\u00fchbauer\" href=\"https:\/\/www.transfermarkt.at\/dietmar-kuhbauer\/profil\/trainer\/8364\" rel=\"nofollow noopener\" target=\"_blank\">Dietmar K\u00fchbauer<\/a> zum \u201eM\u00e4rchen\u201c oder \u201eHollywood-Film\u201c. In \u00d6sterreich spricht man tags darauf einfach nur vom \u201eWunder von Linz\u201c.<\/p>\n<p><\/p>\n<p>    <img loading=\"lazy\" decoding=\"async\" class=\"innews\" src=\"https:\/\/www.europesays.com\/at\/wp-content\/uploads\/2026\/08\/lask-celtic-result-1787732538-204545.png\" alt=\"LASK schl\u00e4gt Celtic in der Champions-League-Qualifikaion\" width=\"503\" height=\"629\"\/><\/p>\n<p>Mit einer 3:0-F\u00fchrung waren die Schotten zum R\u00fcckspiel nach Linz gefahren und lie\u00dfen zun\u00e4chst auch dort nichts anbrennen. <a title=\"Callum McGregor\" href=\"https:\/\/www.transfermarkt.at\/callum-mcgregor\/leistungsdatendetails\/spieler\/120977\/saison\/2026\/wettbewerb\/CLQ\" rel=\"nofollow noopener\" target=\"_blank\">Callum McGregor<\/a> erzielte nach 20 Minuten den F\u00fchrungstreffer und baute den Vorsprung Celtics damit auf 4:0 aus. \u201eNach dem 0:1 sagst du: Pack die Geige ein\u201c, meinte K\u00fchbauer nach der Partie laut der Nachrichtenagentur \u201eAPA\u201c. Auch der Ausgleichstreffer von <a title=\"Moses Usor\" href=\"https:\/\/www.transfermarkt.at\/moses-usor\/leistungsdatendetails\/spieler\/1003622\/saison\/2026\/wettbewerb\/CLQ\" rel=\"nofollow noopener\" target=\"_blank\">Moses Usor<\/a> (32.) d\u00fcrfte die Einsch\u00e4tzung zun\u00e4chst wenig verbessert haben.<\/p>\n<p><\/p>\n<p>\u201eWir h\u00e4tten zur Halbzeit au\u00dfer Sichtweite sein sollen\u201c, konstatierte auf der anderen Seite Celtic-Trainer <a title=\"Martin O&#039;Neill\" href=\"https:\/\/www.transfermarkt.at\/martin-o-neill\/profil\/trainer\/176\" target=\"_blank\" rel=\"nofollow noopener\">Martin O&#8217;Neill<\/a>. \u201eWir haben zwei Gro\u00dfchancen vergeben und ihnen dann kurz vor der Pause noch einen Rettungsring zugeworfen \u2013 und kurz danach gleich noch einen.\u201c <a title=\"Robert Ljubicic\" href=\"https:\/\/www.transfermarkt.at\/robert-ljubicic\/profil\/spieler\/353634\" target=\"_blank\" rel=\"nofollow noopener\">Robert Ljubicic<\/a> (48.), <a title=\"Samuel Adeniran\" href=\"https:\/\/www.transfermarkt.at\/samuel-adeniran\/profil\/spieler\/643088\" target=\"_blank\" rel=\"nofollow noopener\">Samuel Adeniran<\/a> (58.) und <a title=\"Florian Flecker\" href=\"https:\/\/www.transfermarkt.at\/florian-flecker\/profil\/spieler\/272159\" target=\"_blank\" rel=\"nofollow noopener\">Florian Flecker<\/a> (90.) brachten die Linzer in die Verl\u00e4ngerung. Adeniran (109.) sorgte mit seinem zweiten Treffer f\u00fcr pure Ekstase in der mit 19.080 Fans ausverkauften Arena. Dass der St\u00fcrmer kurz darauf sogar noch einen Elfmeter verschoss, blieb eine Randnotiz. \u201eNach dem 2:1 haben sie gro\u00dfartig gespielt, Celtic war nicht mehr vorhanden\u201c, sagte K\u00fchbauer. \u201eBeim 4:1 ist das Dach fast weggeflogen.\u201c<\/p>\n<p>\nLASK mit CL-Quali-Rekord \u2013 Celtics n\u00e4chster Schock<\/p>\n<p>Es war erst das dritte Mal in der Geschichte der Champions-League-Qualifikation, dass es einem Team gelang, ein 0:3 aus dem Hinspiel noch umzukehren. <a title=\"Widzew Lodz\" href=\"https:\/\/www.transfermarkt.at\/widzew-lodz\/startseite\/verein\/88\/saison_id\/1999\" rel=\"nofollow noopener\" target=\"_blank\">Widzew Lodz<\/a> hatte es 1999 gegen Lovech u. a. mithilfe eines Doppelpacks von <a title=\"Artur Wichniarek\" href=\"https:\/\/www.transfermarkt.at\/artur-wichniarek\/leistungsdatendetails\/spieler\/161\/saison\/1999\/wettbewerb\/CLQ\" rel=\"nofollow noopener\" target=\"_blank\">Artur Wichniarek<\/a> kurz vor dessen Wechsel zu Arminia Bielefeld geschafft \u2013 damals im Elfmeterschie\u00dfen. Ebenso <a title=\"KF Tirana\" href=\"https:\/\/www.transfermarkt.at\/kf-tirana\/startseite\/verein\/2049\/saison_id\/2003\" rel=\"nofollow noopener\" target=\"_blank\">KF Tirana<\/a> 2003\/04 gegen Dinamo Tiflis. 1997\/98 war es als erster Mannschaft <a title=\"Paris Saint-Germain\" href=\"https:\/\/www.transfermarkt.at\/fc-paris-saint-germain\/startseite\/verein\/583\/saison_id\/1997\" rel=\"nofollow noopener\" target=\"_blank\">PSG<\/a> gegl\u00fcckt, <a title=\"Steaua Bukarest\" href=\"https:\/\/www.transfermarkt.at\/fcsb\/startseite\/verein\/301\/saison_id\/1997\" rel=\"nofollow noopener\" target=\"_blank\">Steaua Bukarest<\/a> nach 0:3 noch 5:3 zu schlagen. In keiner dieser Partien geriet das Comeback-Team \u2013 wie LASK am Dienstag \u2013 zwischenzeitlich sogar mit vier Toren in R\u00fcckstand.<\/p>\n<p><\/p>\n<p>Celtic hat ebenfalls Erfahrung mit dem Weiterkommen in der CL-Quali trotz Drei-Tore-R\u00fcckstands. Gegen <a title=\"Legia Warschau\" href=\"https:\/\/www.transfermarkt.at\/legia-warschau\/startseite\/verein\/255\/saison_id\/2014\" rel=\"nofollow noopener\" target=\"_blank\">Legia Warschau<\/a> (2014\/15) verloren sie nach dem 1:4 im Hinspiel in Polen zwar auch das R\u00fcckspiel in Glasgow, doch der in der 86. Minute von Legia eingewechselte <a title=\"Bartosz Bereszy\u0144ski\" href=\"https:\/\/www.transfermarkt.at\/bartosz-bereszy-ski\/profil\/spieler\/144143\" target=\"_blank\" rel=\"nofollow noopener\">Bartosz Bereszy\u0144ski<\/a> war nicht spielberechtigt. Daraufhin wurde die Partie mit 3:0 f\u00fcr Celtic gewertet. Damals gab es noch die Ausw\u00e4rtstorregel, die die Schotten eine Runde weiterbrachte (<a href=\"https:\/\/www.transfermarkt.at\/uefa-champions-league-qualifikation\/comebacks\/pokalwettbewerb\/CLQ\" target=\"_blank\" rel=\"nofollow noopener\">zu den gr\u00f6\u00dften Comebacks in der CL-Quali nach verlorenem Hinspiel<\/a>).<\/p>\n<p>Die Pleite in Linz lie\u00df bei Celtic jedoch eher die schlimmen Erinnerungen an die vergangenen Jahre hochkommen \u2013 insbesondere das Debakel in Kasachstan 2025. Schon 2018, 2019, 2020 und 2021 erreichte man, aus der Quali kommend, nicht die Endrunde der K\u00f6nigsklasse. Gegen <a title=\"Kairat Almaty\" href=\"https:\/\/www.transfermarkt.at\/kairat-almaty\/startseite\/verein\/10482\" target=\"_blank\" rel=\"nofollow noopener\">Kairat Almaty<\/a> im vergangenen Jahr war es jedoch besonders bitter. Nach zwei torlosen Partien vergab Celtic im Elfmeterschie\u00dfen dreimal vom Punkt. \u201eWir haben bekommen, was wir verdienen\u201c, r\u00e4umte Torsch\u00fctze McGregor nach dem n\u00e4chsten Quali-Schock in Linz ein und entschuldigte sich bei den Fans. Trainer O&#8217;Neill befand: \u201eWir spielen zwar in der Europa League, aber das ist heute Abend kein Trost. Es herrschte eine positive Stimmung, und das macht die heutige Entt\u00e4uschung umso gr\u00f6\u00dfer.\u201c<\/p>\n<p>K\u00fchbauer: Real Madrid w\u00e4re \u201ewunderbar\u201c<\/p>\n<p>Als Celtic im letzten Jahr gegen Kairat die Champions-League-Hoffnungen begraben musste, bekamen die Kasachen in der K\u00f6nigsklasse Real Madrid zugelost. Dagegen h\u00e4tte auch Coach K\u00fchbauer nichts einzuwenden: \u201eWir nehmen eh das, wie es kommt. Und wenn Real Madrid dabei ist, wunderbar. Ich meine, die Champions League werden wir nicht gewinnen, das ist einmal gewiss. Aber wir wollen dann diese Spiele genie\u00dfen mit dem Publikum.\u201c Doppeltorsch\u00fctze Adeniran meinte: \u201eWelche Mannschaften auch immer wir zugelost bekommen, es werden Weltklasse-Mannschaften sein. Und ich werde meinen Kindern eines Tages erz\u00e4hlen k\u00f6nnen, dass ich gegen die gespielt habe.\u201c<\/p>\n<p><\/p>\n<p>\n                                Hinweis:<br \/>\n                                Wenn du etwas googelst, bekommst du neben den normalen Ergebnissen auch eine Box mit aktuellen News angezeigt. Wenn du Transfermarkt als bevorzugte Quelle hinterlegst, tauchen unsere Inhalte dort h\u00e4ufiger f\u00fcr dich auf.<br \/>\n                                <a href=\"https:\/\/www.google.com\/preferences\/source?q=transfermarkt.at\" target=\"_blank\" rel=\"noopener noreferrer nofollow\" onclick=\"tmEvent(&#039;news&#039;,&#039;click&#039;,&#039;google-preferences&#039;);&#010;\"><br \/>\n                                    F\u00fcge Transfermarkt hier als bevorzugte Quelle hinzu.                                <\/a>\n                            <\/p>\n","protected":false},"excerpt":{"rendered":"Champions League\u00a0 \u00a9IMAGO Vor zehn Monaten steckte der LASK noch in der Krise, nun spielen die Ober\u00f6sterreicher in&hellip;\n","protected":false},"author":2,"featured_media":357926,"comment_status":"","ping_status":"","sticky":false,"template":"","format":"standard","meta":{"footnotes":"","_share_on_mastodon":"0"},"categories":[30],"tags":[46,42,90658,1399,4267,2356,184,87431,44,15327,63162],"class_list":["post-357925","post","type-post","status-publish","format-standard","has-post-thumbnail","category-linz","tag-at","tag-austria","tag-callum-mcgregor","tag-celtic-glasgow","tag-dietmar-kuehbauer","tag-lask","tag-linz","tag-martin-oneill","tag-oesterreich","tag-samuel-adeniran","tag-uefa-champions-league-qualifikation"],"share_on_mastodon":{"url":"https:\/\/pubeurope.com\/@at\/117163182938351749","error":""},"_links":{"self":[{"href":"https:\/\/www.europesays.com\/at\/wp-json\/wp\/v2\/posts\/357925","targetHints":{"allow":["GET"]}}],"collection":[{"href":"https:\/\/www.europesays.com\/at\/wp-json\/wp\/v2\/posts"}],"about":[{"href":"https:\/\/www.europesays.com\/at\/wp-json\/wp\/v2\/types\/post"}],"author":[{"embeddable":true,"href":"https:\/\/www.europesays.com\/at\/wp-json\/wp\/v2\/users\/2"}],"replies":[{"embeddable":true,"href":"https:\/\/www.europesays.com\/at\/wp-json\/wp\/v2\/comments?post=357925"}],"version-history":[{"count":0,"href":"https:\/\/www.europesays.com\/at\/wp-json\/wp\/v2\/posts\/357925\/revisions"}],"wp:featuredmedia":[{"embeddable":true,"href":"https:\/\/www.europesays.com\/at\/wp-json\/wp\/v2\/media\/357926"}],"wp:attachment":[{"href":"https:\/\/www.europesays.com\/at\/wp-json\/wp\/v2\/media?parent=357925"}],"wp:term":[{"taxonomy":"category","embeddable":true,"href":"https:\/\/www.europesays.com\/at\/wp-json\/wp\/v2\/categories?post=357925"},{"taxonomy":"post_tag","embeddable":true,"href":"https:\/\/www.europesays.com\/at\/wp-json\/wp\/v2\/tags?post=357925"}],"curies":[{"name":"wp","href":"https:\/\/api.w.org\/{rel}","templated":true}]}}