{"id":358707,"date":"2026-08-27T05:00:09","date_gmt":"2026-08-27T05:00:09","guid":{"rendered":"https:\/\/www.europesays.com\/at\/358707\/"},"modified":"2026-08-27T05:00:09","modified_gmt":"2026-08-27T05:00:09","slug":"musikalische-vielfalt-in-hopfgarten-das-kammermusikfest-2026-steht-vor-der-tuer","status":"publish","type":"post","link":"https:\/\/www.europesays.com\/at\/358707\/","title":{"rendered":"Musikalische Vielfalt in Hopfgarten: Das Kammermusikfest 2026 steht vor der T\u00fcr"},"content":{"rendered":"<p _ngcontent-tt-com-www-c3071245697=\"\" data-cy=\"body\">Hopfgarten im Brixental \u2013 Den Auftakt macht das Konzert \u201eGenerationenkl\u00e4nge\u201c am Samstag, den 29. August 2026. Es findet um 19.30 Uhr in der Pfarrkirche statt. Das Programm umfasst Werke von Carl Philipp Emanuel Bach und Johann Sebastian Bach. Auch St\u00fccke von Robert Schumann und Joseph Haydn stehen auf dem Spielplan. Johannes Brahms\u2019 Quintett Nr. 2 G-Dur erg\u00e4nzt den Abend. Es musizieren unter anderem Holger Gehring an der Orgel und Ramon Jaff\u00e9 am Violoncello. Unterst\u00fctzt werden sie von weiteren Violin-, Viola- und Kontrabass-Spielern.<\/p>\n<p _ngcontent-tt-com-www-c3071245697=\"\" data-cy=\"body\"> Am Dienstag, den 1. September 2026, geht es um 19.30 Uhr in der Salvena weiter. Das Programm unter dem Titel \u201eJugendliches aus Wien\u201c widmet sich Kompositionen von Ludwig van Beethoven. Erich Wolfgang Korngolds Trio op. 1 f\u00fcr Klavier, Violine und Violoncello wird ebenso pr\u00e4sentiert. Ein Quartett von Gustav Mahler und Alexander von Zemlinskys Trio op. 3 runden den Abend ab. Zu den mitwirkenden Musikern geh\u00f6ren Andreas Schablas an der Klarinette und Monica Gutman am Klavier.<\/p>\n<p _ngcontent-tt-com-www-c3071245697=\"\" data-cy=\"body\">Das Abschlusskonzert am Freitag, den 4. September 2026, beginnt ebenfalls um 19.30 Uhr in der Salvena. Unter dem Motto \u201eVon Barock bis Jazz\u201c erwartet das Publikum eine stilistische Bandbreite. Werke von Jean-Baptiste Barri\u00e8re, Max Bruch und Gabriel Faur\u00e9 stehen auf dem Programm. Astor Piazzollas \u201eHistoire de Tango\u201c bringt weitere Facetten. Eine Suite f\u00fcr Violoncello und Jazz Trio von Claude Bolling wird ebenfalls zu h\u00f6ren sein. Ram\u00f3n Jaff\u00e9 und Monica Gutman sind hier erneut mit von der Partie. Harfenkl\u00e4nge von Serafina Jaff\u00e9 und Schlagzeug von Florian Baumgartner bereichern den Abend.<\/p>\n<p _ngcontent-tt-com-www-c3071245697=\"\" data-cy=\"body\">Das traditionsreiche Kammermusikfest Hopfgarten bietet auch 2026 eine Plattform f\u00fcr herausragende Musiker. Es pr\u00e4sentiert ein breites Spektrum der Kammermusik. Von den tiefgr\u00fcndigen Werken des Barock bis hin zu den rhythmischen Kl\u00e4ngen des Jazz. Es ist eine Gelegenheit, renommierte Interpreten live zu erleben. Die Konzerte versprechen bewegende Momente und musikalische Entdeckungen f\u00fcr Liebhaber und neue H\u00f6rer. (TT)<\/p>\n","protected":false},"excerpt":{"rendered":"Hopfgarten im Brixental \u2013 Den Auftakt macht das Konzert \u201eGenerationenkl\u00e4nge\u201c am Samstag, den 29. August 2026. Es findet&hellip;\n","protected":false},"author":2,"featured_media":358708,"comment_status":"","ping_status":"","sticky":false,"template":"","format":"standard","meta":{"footnotes":"","_share_on_mastodon":"0"},"categories":[22],"tags":[90796,46,42,78999,147,28165,6522,19597,81966,90797,6413,76569,154,44,90795,148],"class_list":["post-358707","post","type-post","status-publish","format-standard","has-post-thumbnail","category-unterhaltung","tag-astor-piazzolla","tag-at","tag-austria","tag-barock","tag-entertainment","tag-hopfgarten-im-brixental","tag-jazz","tag-johann-sebastian-bach","tag-kammermusik","tag-kammermusikfest-2026","tag-kitzbuehel-bezirk","tag-ludwig-van-beethoven","tag-musik","tag-oesterreich","tag-ramon-jaffe","tag-unterhaltung"],"share_on_mastodon":{"url":"https:\/\/pubeurope.com\/@at\/117165714910829032","error":""},"_links":{"self":[{"href":"https:\/\/www.europesays.com\/at\/wp-json\/wp\/v2\/posts\/358707","targetHints":{"allow":["GET"]}}],"collection":[{"href":"https:\/\/www.europesays.com\/at\/wp-json\/wp\/v2\/posts"}],"about":[{"href":"https:\/\/www.europesays.com\/at\/wp-json\/wp\/v2\/types\/post"}],"author":[{"embeddable":true,"href":"https:\/\/www.europesays.com\/at\/wp-json\/wp\/v2\/users\/2"}],"replies":[{"embeddable":true,"href":"https:\/\/www.europesays.com\/at\/wp-json\/wp\/v2\/comments?post=358707"}],"version-history":[{"count":0,"href":"https:\/\/www.europesays.com\/at\/wp-json\/wp\/v2\/posts\/358707\/revisions"}],"wp:featuredmedia":[{"embeddable":true,"href":"https:\/\/www.europesays.com\/at\/wp-json\/wp\/v2\/media\/358708"}],"wp:attachment":[{"href":"https:\/\/www.europesays.com\/at\/wp-json\/wp\/v2\/media?parent=358707"}],"wp:term":[{"taxonomy":"category","embeddable":true,"href":"https:\/\/www.europesays.com\/at\/wp-json\/wp\/v2\/categories?post=358707"},{"taxonomy":"post_tag","embeddable":true,"href":"https:\/\/www.europesays.com\/at\/wp-json\/wp\/v2\/tags?post=358707"}],"curies":[{"name":"wp","href":"https:\/\/api.w.org\/{rel}","templated":true}]}}