{"id":358711,"date":"2026-08-27T05:02:10","date_gmt":"2026-08-27T05:02:10","guid":{"rendered":"https:\/\/www.europesays.com\/at\/358711\/"},"modified":"2026-08-27T05:02:10","modified_gmt":"2026-08-27T05:02:10","slug":"uecl-quali-im-ticker-austria-gegen-sporting-braga-ab-20-30-uhr-live","status":"publish","type":"post","link":"https:\/\/www.europesays.com\/at\/358711\/","title":{"rendered":"UECL-Quali im Ticker &#8211; Austria gegen Sporting Braga ab 20.30 Uhr LIVE"},"content":{"rendered":"<p>LASK als Vorbild<br \/>Die \u201eVeilchen\u201c hatten im Hinspiel beim Europa-League-Halbfinalisten der Vorsaison durchaus mitgespielt, waren allerdings gl\u00fccklos geblieben. Dieses will man nun vor den Heimfans im Franz-Horr-Stadion erzwingen. Vorbild soll der LASK sein, der am Dienstag nach furioser Aufholjagd gegen Celtic Glasgow als 5:1-Sieger vom Platz ging und nun Champions League spielt. \u201eSie haben gezeigt, dass im Fu\u00dfball vieles m\u00f6glich ist, was man sich gar nicht vorstellen kann. Nat\u00fcrlich kann das f\u00fcr uns eine Inspiration und Motivation sein\u201c, sagte Helm, der den Linzern gratulierte. \u201eEs zeigt, wenn man kontinuierlich und konsequent einen Weg beschreitet und auch in allen Belangen viel investiert, dann ist so etwas m\u00f6glich.\u201c<\/p>\n","protected":false},"excerpt":{"rendered":"LASK als VorbildDie \u201eVeilchen\u201c hatten im Hinspiel beim Europa-League-Halbfinalisten der Vorsaison durchaus mitgespielt, waren allerdings gl\u00fccklos geblieben. Dieses&hellip;\n","protected":false},"author":2,"featured_media":358712,"comment_status":"","ping_status":"","sticky":false,"template":"","format":"standard","meta":{"footnotes":"","_share_on_mastodon":"0"},"categories":[18],"tags":[46,42,45027,49620,1399,5320,90798,71357,10808,57058,2356,78919,44,90799,109,9711,108,3236],"class_list":["post-358711","post","type-post","status-publish","format-standard","has-post-thumbnail","category-sport","tag-at","tag-austria","tag-braga","tag-celtic","tag-celtic-glasgow","tag-helm","tag-helm-lask","tag-ibrahim-buhari","tag-johannes-eggestein","tag-jonas-feddersen","tag-lask","tag-noah-botic","tag-oesterreich","tag-philipp-wiesinger-im","tag-sport","tag-sporting-braga","tag-sports","tag-stephan-helm"],"share_on_mastodon":{"url":"https:\/\/pubeurope.com\/@at\/117165722370449834","error":""},"_links":{"self":[{"href":"https:\/\/www.europesays.com\/at\/wp-json\/wp\/v2\/posts\/358711","targetHints":{"allow":["GET"]}}],"collection":[{"href":"https:\/\/www.europesays.com\/at\/wp-json\/wp\/v2\/posts"}],"about":[{"href":"https:\/\/www.europesays.com\/at\/wp-json\/wp\/v2\/types\/post"}],"author":[{"embeddable":true,"href":"https:\/\/www.europesays.com\/at\/wp-json\/wp\/v2\/users\/2"}],"replies":[{"embeddable":true,"href":"https:\/\/www.europesays.com\/at\/wp-json\/wp\/v2\/comments?post=358711"}],"version-history":[{"count":0,"href":"https:\/\/www.europesays.com\/at\/wp-json\/wp\/v2\/posts\/358711\/revisions"}],"wp:featuredmedia":[{"embeddable":true,"href":"https:\/\/www.europesays.com\/at\/wp-json\/wp\/v2\/media\/358712"}],"wp:attachment":[{"href":"https:\/\/www.europesays.com\/at\/wp-json\/wp\/v2\/media?parent=358711"}],"wp:term":[{"taxonomy":"category","embeddable":true,"href":"https:\/\/www.europesays.com\/at\/wp-json\/wp\/v2\/categories?post=358711"},{"taxonomy":"post_tag","embeddable":true,"href":"https:\/\/www.europesays.com\/at\/wp-json\/wp\/v2\/tags?post=358711"}],"curies":[{"name":"wp","href":"https:\/\/api.w.org\/{rel}","templated":true}]}}