{"id":359285,"date":"2026-08-27T11:24:09","date_gmt":"2026-08-27T11:24:09","guid":{"rendered":"https:\/\/www.europesays.com\/at\/359285\/"},"modified":"2026-08-27T11:24:09","modified_gmt":"2026-08-27T11:24:09","slug":"five-finger-death-punch-gratis-livestream-zur-jubilaeums-show","status":"publish","type":"post","link":"https:\/\/www.europesays.com\/at\/359285\/","title":{"rendered":"Five Finger Death Punch: Gratis Livestream zur Jubil\u00e4ums-Show"},"content":{"rendered":"<p><img loading=\"lazy\" decoding=\"async\" src=\"https:\/\/www.europesays.com\/at\/wp-content\/uploads\/2026\/08\/446f2bf29e8943e9b86d01b1abdff2d7.gif\" alt=\"\" width=\"1\" height=\"1\"\/>Am 31. Juli haben <a href=\"https:\/\/www.metal-hammer.de\/artists\/five-finger-death-punch\/\" rel=\"nofollow noopener\" target=\"_blank\">Five Finger Death Punch<\/a> ihr zehntes Studioalbum <a href=\"https:\/\/www.metal-hammer.de\/reviews\/five-finger-death-punch-legacy\/\" rel=\"nofollow noopener\" target=\"_blank\">LEGACY<\/a> ver\u00f6ffentlicht \u2013 zumindest in digitaler Form. Physische Exemplare als CD, Kassette oder Vinyl gibt es ab 18. September zu erstehen. Neben der Albumver\u00f6ffentlichung gibt es jedoch noch mehr zu feiern: Das zwanzigste Band-Jubil\u00e4um. Dieses wird auch live gefeiert.<\/p>\n<p>Nachdem der Sommer und Herbst 2026 Nordamerika vorbehalten ist, kommen Five Finger Death Punch Anfang n\u00e4chsten Jahres mit <a href=\"https:\/\/www.metal-hammer.de\/artists\/lamb-of-god\/\" rel=\"nofollow noopener\" target=\"_blank\">Lamb Of God<\/a> und <a href=\"https:\/\/www.metal-hammer.de\/artists\/bleed-from-within\/\" rel=\"nofollow noopener\" target=\"_blank\">Bleed From Within<\/a> nach Europa. Hier die Termine der Jubil\u00e4umssause f\u00fcr den deutschsprachigen Raum \u2013 <a href=\"https:\/\/www.metal-hammer.de\/metal-hammer-praesentiert-five-finger-death-punch-4-2515571\/\" rel=\"nofollow noopener\" target=\"_blank\">pr\u00e4sentiert von METAL HAMMER<\/a>.<\/p>\n<p>Five Finger Death Punch \u201e20th Anniversary World Tour\u201c 2027<\/p>\n<p>26.01. D\u00fcsseldorf, PSD Bank Dome<br \/>\n27.01. Hamburg, Barclays Arena<br \/>\n02.02. M\u00fcnchen, Olympiahalle<br \/>\n04.02. Stuttgart, Hanns-Martin-Schleyer-Halle<br \/>\n12.02. CH-Z\u00fcrich, Hallenstadion<br \/>\n14.02. A-Wien, Stadthalle<br \/>\n16.02. Berlin, Uber Arena<\/p>\n<p>Karten zur Tour unter\u00a0<a href=\"http:\/\/www.metal-hammer.de\/tickets\" rel=\"nofollow noopener\" target=\"_blank\">www.metal-hammer.de\/tickets<\/a>.<\/p>\n<p>Weltweit &amp; kostenlos<\/p>\n<p>Wer nicht so lange warten kann oder will, hat schon bald die M\u00f6glichkeit, zumindest am heimischen Bildschirm live dabei zu sein. Allerdings bedeutet das f\u00fcr die hiesige Fan-Gemeinde, lange wachzubleiben oder sehr fr\u00fch aufzustehen. Am Dienstag, den 8. September um 21 Uhr \u00fcbertragen Five Finger Death Punch ihr Konzert aus dem Red Rocks Amphitheater in Colorado. Demnzufolge startet die Live-\u00dcbertragung auf der Plattform <a href=\"https:\/\/veeps.com\/fivefingerdeathpunch\/\" target=\"_blank\" rel=\"noopener nofollow\">Veeps<\/a> hierzulande am 9. September um 5 Uhr morgens.<\/p>\n<p>An dieser Stelle findest du Inhalte aus Youtube<\/p>\n<p>Um mit Inhalten aus Sozialen Netzwerken zu interagieren oder diese darzustellen, brauchen wir deine Zustimmung.<\/p>\n<p>\tSoziale Netzwerke aktivieren<\/p>\n<p>Die Setlist soll Hits aus der zwanzigj\u00e4hrigen Karriere der Band beinhalten, ebenso wie neues Material vom aktuellen Album. Parallel zum Stream k\u00f6nnen Fans Merchandise vorbestellen, darunter verschiedene Vinylvarianten von LEGACY sowie Ausf\u00fchrungen als CD und Kassette und einen speziellen Five Finger Death Punch-Vinyltragekoffer.<\/p>\n<p>Empfehlungen der Redaktion<\/p>\n<p>Weitere gute Nachrichten: Die aktuelle Konzertreise soll zu Fans auf dem gesamten Globus kommen. Gitarrist Zolt\u00e1n B\u00e1thory gab im Juni zu Protokoll: \u201eJeden Tag entdecken uns neue Fans, die Fan-Gemeinde ist gr\u00f6\u00dfer als je zuvor. Diese Welttournee ist die Feier, die dieser Meilenstein verdient. Die erste Etappe ist Amerika 2026, dann Europa 2027, und wir h\u00f6ren dort nicht auf! S\u00fcdamerika, Australien, Asien \u2014 alles ist im Gespr\u00e4ch. Das werden ein bis zwei gro\u00dfe Jahre f\u00fcr Five Finger Death Punch \u2014 und wir fangen gerade erst an.\u201c<\/p>\n<p>\u2014<br \/>Bestens informiert \u00fcber dieses und alle weiteren wichtigen Themen im Metal bleibt ihr au\u00dferdem mit unserem Newsletter. Einmal pro Woche flattert euch \u00fcbersichtlich sortiert ein Update ins Postfach.\u00a0<a href=\"https:\/\/www.metal-hammer.de\/news\/newsletter\/\" target=\"_blank\" rel=\"noopener noreferrer nofollow\">Einfach anmelden<\/a>, damit euch auch sicher nichts entgeht.<\/p>\n<p class=\"wp-block-paragraph\">Exklusive Airbourne-Vinyl-7\u201c nur zusammen mit der aktuellen METAL HAMMER-Ausgabe: Jetzt am Kiosk oder direkt portofrei nach Hause zu bestellen! Alle Infos unter <a href=\"https:\/\/www.metal-hammer.de\/airbourne\" rel=\"nofollow noopener\" target=\"_blank\">www.metal-hammer.de\/airbourne<\/a>.<\/p>\n","protected":false},"excerpt":{"rendered":"Am 31. Juli haben Five Finger Death Punch ihr zehntes Studioalbum LEGACY ver\u00f6ffentlicht \u2013 zumindest in digitaler Form.&hellip;\n","protected":false},"author":2,"featured_media":359286,"comment_status":"","ping_status":"","sticky":false,"template":"","format":"standard","meta":{"footnotes":"","_share_on_mastodon":"0"},"categories":[24],"tags":[90897,46,42,147,46875,786,2489,32777,1051,153,154,44,1049,148,1658],"class_list":["post-359285","post","type-post","status-publish","format-standard","has-post-thumbnail","category-musik","tag-20-jubilaeum","tag-at","tag-austria","tag-entertainment","tag-five-finger-death-punch","tag-konzert","tag-kostenlos","tag-legacy","tag-livestream","tag-music","tag-musik","tag-oesterreich","tag-uebertragung","tag-unterhaltung","tag-weltweit"],"share_on_mastodon":{"url":"https:\/\/pubeurope.com\/@at\/117167224726182299","error":""},"_links":{"self":[{"href":"https:\/\/www.europesays.com\/at\/wp-json\/wp\/v2\/posts\/359285","targetHints":{"allow":["GET"]}}],"collection":[{"href":"https:\/\/www.europesays.com\/at\/wp-json\/wp\/v2\/posts"}],"about":[{"href":"https:\/\/www.europesays.com\/at\/wp-json\/wp\/v2\/types\/post"}],"author":[{"embeddable":true,"href":"https:\/\/www.europesays.com\/at\/wp-json\/wp\/v2\/users\/2"}],"replies":[{"embeddable":true,"href":"https:\/\/www.europesays.com\/at\/wp-json\/wp\/v2\/comments?post=359285"}],"version-history":[{"count":0,"href":"https:\/\/www.europesays.com\/at\/wp-json\/wp\/v2\/posts\/359285\/revisions"}],"wp:featuredmedia":[{"embeddable":true,"href":"https:\/\/www.europesays.com\/at\/wp-json\/wp\/v2\/media\/359286"}],"wp:attachment":[{"href":"https:\/\/www.europesays.com\/at\/wp-json\/wp\/v2\/media?parent=359285"}],"wp:term":[{"taxonomy":"category","embeddable":true,"href":"https:\/\/www.europesays.com\/at\/wp-json\/wp\/v2\/categories?post=359285"},{"taxonomy":"post_tag","embeddable":true,"href":"https:\/\/www.europesays.com\/at\/wp-json\/wp\/v2\/tags?post=359285"}],"curies":[{"name":"wp","href":"https:\/\/api.w.org\/{rel}","templated":true}]}}