{"id":359499,"date":"2026-08-27T13:25:12","date_gmt":"2026-08-27T13:25:12","guid":{"rendered":"https:\/\/www.europesays.com\/at\/359499\/"},"modified":"2026-08-27T13:25:12","modified_gmt":"2026-08-27T13:25:12","slug":"mecklenburg-vorpommern-und-unternehmen-der-schwarz-gruppe-schliessen-wegweisende-partnerschaft","status":"publish","type":"post","link":"https:\/\/www.europesays.com\/at\/359499\/","title":{"rendered":"Mecklenburg-Vorpommern und Unternehmen der Schwarz Gruppe schlie\u00dfen wegweisende Partnerschaft"},"content":{"rendered":"<p>Die Unternehmen der Schwarz Gruppe wollen bis 2033 bis zu 5,6 Milliarden Euro in den Bau eines Rechenzentrums investieren und st\u00e4rken damit die kritische Infrastruktur in Mecklenburg-Vorpommern.Digitale Souver\u00e4nit\u00e4t: Die Investition soll die Entwicklung und den Betrieb von Cloud- und KI-L\u00f6sungen nach deutschem Recht und dadurch die Wertsch\u00f6pfung in Deutschland und Europa f\u00f6rdern.Nachhaltigkeit: Geplant sind die ausschlie\u00dfliche Nutzung von Strom aus erneuerbaren Energien im regul\u00e4ren Betrieb, die Entwicklung eines Fernw\u00e4rmenetzes und modernste Luftk\u00fchlung f\u00fcr die \u00f6kologische Effizienz des Rechenzentrums.Blaupause f\u00fcr Deutschland: Erste Leuchtturmprojekte der Landesregierung Mecklenburg-Vorpommerns und Schwarz Digits sind die digitale Baugenehmigung und die Einf\u00fchrung von OpenDesk im Bildungsbereich.<\/p>\n<p>Die Unternehmen der Schwarz Gruppe und die Landesregierung Mecklenburg-Vorpommern schlagen ein neues Kapitel f\u00fcr den Digitalstandort Deutschland auf: Im Rahmen einer Pressekonferenz verk\u00fcndeten Manuela Schwesig, Ministerpr\u00e4sidentin Mecklenburg-Vorpommern, und Gerd Chrzanowski, Komplement\u00e4r Schwarz Gruppe, eine wegweisende Partnerschaft. Erkl\u00e4rtes gemeinsames Ziel ist es, Europa im Bereich Digitalisierung und K\u00fcnstliche Intelligenz in die erste Liga zu bringen &#8211; mit Mecklenburg-Vorpommern als einem zentralen, souver\u00e4nen Knotenpunkt. Die Partnerschaft beinhaltet zwei Schwerpunkte: ein Infrastrukturprojekt mit Rechenzentrum und die gemeinsame Entwicklung hochperformanter Digitall\u00f6sungen f\u00fcr eine souver\u00e4ne \u00f6ffentliche Verwaltung des Bundeslandes.<\/p>\n<p>Gerd Chrzanowski, Komplement\u00e4r Schwarz Gruppe: &#8222;Digitale Souver\u00e4nit\u00e4t entsteht nicht durch Appelle oder Reden. Sie entsteht durch Handeln, durch verl\u00e4ssliche Infrastruktur und durch praxistaugliche Anwendungen. Wir warten nicht darauf, dass andere vorangehen. Wir \u00fcbernehmen unternehmerische Verantwortung und investieren nachhaltig in die Zukunft des Standorts Deutschland.&#8220;<\/p>\n<p>Manuela Schwesig, Ministerpr\u00e4sidentin des Landes Mecklenburg-Vorpommern: &#8222;Ziel der Landesregierung ist, dass wir unabh\u00e4ngiger von ausl\u00e4ndischen Anbietern von Rechenzentren und Cloud- und KI-Anwendungen werden. Wir sehen die Investitionsentscheidung der Schwarz Gruppe deshalb auch als M\u00f6glichkeit f\u00fcr mehr Unabh\u00e4ngigkeit und mehr Datensicherheit. Unser Land wird in vielfacher Weise von dieser Investition profitieren.&#8220;<\/p>\n<p>Potenzial f\u00fcr 1 Gigawatt Anschlussleistung<\/p>\n<p>Vorbehaltlich der \u00fcblichen Genehmigungen wird das Rechenzentrum bis 2033 \u00fcber eine Kapazit\u00e4t von 240 Megawatt verf\u00fcgen. Die Kapazit\u00e4t planen die Unternehmen der Schwarz Gruppe einerseits f\u00fcr das eigene \u00d6kosystem ein. Andererseits w\u00fcrde das Rechenzentrum die weitere Entwicklung und Skalierung souver\u00e4ner IT-L\u00f6sungen st\u00e4rken, geb\u00fcndelt bei der IT- und Digitalsparte Schwarz Digits. Damit gibt es sehr konkrete Perspektiven, die Kapazit\u00e4t bis 2045 auf eine Anschlussleistung von 1 Gigawatt auszubauen.<\/p>\n<p>5,6 Milliarden Euro f\u00fcr die Infrastruktur in Mecklenburg-Vorpommern<\/p>\n<p>Das aktuell in Aussicht stehende Grundst\u00fcck f\u00fcr das Rechenzentrum liegt im Gewerbegebiet der Gemeinde Dummerstorf. Ein Vorteil von Norddeutschland ist die hohe Verf\u00fcgbarkeit von nachhaltig produziertem Strom, unter anderem aus On- und Offshore Windkraft. Am angedachten Standort ist auch ein Anschluss an das 380-Kilovolt-H\u00f6chstspannungsnetz m\u00f6glich. H\u00f6chstspannungstrassen machen den Transport gro\u00dfer Strommengen effizienter, die Netzentgelte sinken mit steigender Spannungsebene.<\/p>\n<p>Dar\u00fcber hinaus beg\u00fcnstigt das Klima eine effizientere freie K\u00fchlung \u00fcber Umgebungsluft. Es liegt eine Absichtserkl\u00e4rung mit den Stadtwerken Rostock zur Nutzung der Abw\u00e4rme vor. Ziel ist es, die Abw\u00e4rme des Rechenzentrums nachhaltig und zum Vorteil der kommunalen W\u00e4rmeplanung zur Verf\u00fcgung zu stellen. F\u00fcr ein anderes Rechenzentrums-Projekt der Unternehmen der Schwarz Gruppe im brandenburgischen L\u00fcbbenau hatten die beteiligten Parteien j\u00fcngst Vertr\u00e4ge f\u00fcr ein gemeinsames Fernw\u00e4rme-Konzept gezeichnet.<\/p>\n<p>Das Projekt in Dummerstorf befindet sich in einem fr\u00fchen Stadium, technische Spezifikationen sind noch nicht finalisiert &#8211; wie beispielsweise die genauen Anforderungen an die Zusammenstellung von Cloud- und KI-Microchips. Die Investitionen f\u00fcr die Kapazit\u00e4t von 240 Megawatt sind mit einem voraussichtlichen Investitionsvolumen von ungef\u00e4hr 5,6 Milliarden Euro bepreist.<\/p>\n<p>Blaupause f\u00fcr ganz Deutschland: Digitale Verwaltung und B\u00fcrgerservices<\/p>\n<p>Das geplante Rechenzentrum unterstreicht auch, dass die Zusammenarbeit der Landesregierung Mecklenburg-Vorpommern mit Schwarz Digits bei der Verwaltungsdigitalisierung langfristig angelegt ist. Gemeinsam bef\u00e4higen die Partner eine moderne, effiziente und sichere digitale Verwaltung, die greifbare Vorteile f\u00fcr die B\u00fcrger sowie die Wirtschaft bringt.<\/p>\n<p>Noch im Jahr 2026 sollen wegweisende technische Anwendungen in die \u00f6ffentliche Verwaltung des Landes eingebracht werden. Dazu geh\u00f6ren die digitale Baugenehmigung auf der souver\u00e4nen Cloud-Plattform STACKIT sowie die Einf\u00fchrung von openDesk, beginnend mit sicheren, voll verwalteten Lehrerarbeitspl\u00e4tzen im Bildungsbereich.<\/p>\n<p>Die Zusammenarbeit ist als skalierbares und \u00fcbertragbares Leuchtturmprojekt konzipiert. Die entwickelten L\u00f6sungen sollen nicht nur Mecklenburg-Vorpommern modernisieren, sondern als Blaupause f\u00fcr die gesamte Bundesrepublik Deutschland dienen.<\/p>\n","protected":false},"excerpt":{"rendered":"Die Unternehmen der Schwarz Gruppe wollen bis 2033 bis zu 5,6 Milliarden Euro in den Bau eines Rechenzentrums&hellip;\n","protected":false},"author":2,"featured_media":359500,"comment_status":"","ping_status":"","sticky":false,"template":"","format":"standard","meta":{"footnotes":"","_share_on_mastodon":"0"},"categories":[14],"tags":[26393,26395,46,42,6352,95,90,89,1444,1672,2494,419,91,94,44,26394,17165,93,92,255,877],"class_list":["post-359499","post","type-post","status-publish","format-standard","has-post-thumbnail","category-unternehmen-maerkte","tag-apa","tag-apa-ots","tag-at","tag-austria","tag-bild","tag-business","tag-companies","tag-companies-markets","tag-digitalisierung","tag-einzelhandel","tag-handel","tag-investition","tag-markets","tag-maerkte","tag-oesterreich","tag-ots","tag-rechenzentrum","tag-unternehmen","tag-unternehmen-maerkte","tag-wirtschaft","tag-wirtschaft-und-finanzen"],"share_on_mastodon":{"url":"https:\/\/pubeurope.com\/@at\/117167700568331919","error":""},"_links":{"self":[{"href":"https:\/\/www.europesays.com\/at\/wp-json\/wp\/v2\/posts\/359499","targetHints":{"allow":["GET"]}}],"collection":[{"href":"https:\/\/www.europesays.com\/at\/wp-json\/wp\/v2\/posts"}],"about":[{"href":"https:\/\/www.europesays.com\/at\/wp-json\/wp\/v2\/types\/post"}],"author":[{"embeddable":true,"href":"https:\/\/www.europesays.com\/at\/wp-json\/wp\/v2\/users\/2"}],"replies":[{"embeddable":true,"href":"https:\/\/www.europesays.com\/at\/wp-json\/wp\/v2\/comments?post=359499"}],"version-history":[{"count":0,"href":"https:\/\/www.europesays.com\/at\/wp-json\/wp\/v2\/posts\/359499\/revisions"}],"wp:featuredmedia":[{"embeddable":true,"href":"https:\/\/www.europesays.com\/at\/wp-json\/wp\/v2\/media\/359500"}],"wp:attachment":[{"href":"https:\/\/www.europesays.com\/at\/wp-json\/wp\/v2\/media?parent=359499"}],"wp:term":[{"taxonomy":"category","embeddable":true,"href":"https:\/\/www.europesays.com\/at\/wp-json\/wp\/v2\/categories?post=359499"},{"taxonomy":"post_tag","embeddable":true,"href":"https:\/\/www.europesays.com\/at\/wp-json\/wp\/v2\/tags?post=359499"}],"curies":[{"name":"wp","href":"https:\/\/api.w.org\/{rel}","templated":true}]}}