{"id":359577,"date":"2026-08-27T14:10:12","date_gmt":"2026-08-27T14:10:12","guid":{"rendered":"https:\/\/www.europesays.com\/at\/359577\/"},"modified":"2026-08-27T14:10:12","modified_gmt":"2026-08-27T14:10:12","slug":"weniger-reinigung-in-der-linzer-innenstadt-sorgt-fuer-wirbel","status":"publish","type":"post","link":"https:\/\/www.europesays.com\/at\/359577\/","title":{"rendered":"Weniger Reinigung in der Linzer Innenstadt sorgt f\u00fcr Wirbel"},"content":{"rendered":"<p> LINZ. Nachdem am Mittwoch bekannt wurde, dass die Stadt Linz offenbar bei der Stadtreinigung einspart \u2013 und Kritik seitens FP\u00d6, \u00d6VP und Gr\u00fcnen folgte, erteilte die zust\u00e4ndige Stadtr\u00e4tin Eva Schobesberger (Gr\u00fcne) am Donnerstag den Auftrag, die Einschr\u00e4nkung der Landstra\u00dfenreinigung r\u00fcckg\u00e4ngig zu machen. <\/p>\n<p>Die Reinigungsleistung entlang der Landstra\u00dfe wurde laut Bericht der \u201eKrone\u201c eingeschr\u00e4nkt. Am Donnerstag vermeldete Vizeb\u00fcrgermeisterin, Personalreferentin Merima Zukan (SP\u00d6), das die neue Reinigungsorganisation bereits seit April 2026 gelte. Die Anpassungen bei der Stadtreinigung seien \u201ekeine K\u00fcrzung des Qualit\u00e4tsanspruchs, sondern Teil einer umfassenden organisatorischen Neuaufstellung. Ziel ist es, Personal und Ressourcen dort einzusetzen, wo und wann sie tats\u00e4chlich ben\u00f6tigt werden. Mit der Neustrukturierung des Gesch\u00e4ftsbereichs Stadtgr\u00fcn und Stra\u00dfenbetreuung und der Schaffung einer eigenen Fachabteilung f\u00fcr Stadtreinigung wurden Arbeitsabl\u00e4ufe und Diensteinteilungen erstmals seit vielen Jahren systematisch analysiert und neu organisiert\u201c, so Zukan. <\/p>\n<p>\u201eKeine Verschlechterungen festgestellt\u201c<\/p>\n<p>Ihr Auftrag sei es, Einsparungspotenziale zu nutzen und mit den \u00f6ffentlichen Geldern verantwortungsvoll und effizient umzugehen. \u201eEntscheidend ist f\u00fcr mich: Effizienter zu arbeiten bedeutet nicht, weniger zu leisten. Der Anspruch an die Sauberkeit unserer Stadt bleibt unver\u00e4ndert hoch\u201c, so die Vizeb\u00fcrgermeisterin.<\/p>\n<p>Mit der Neuorganisation w\u00fcrden Reinigungsleistungen st\u00e4rker danach organisiert, wann und wo sie tats\u00e4chlich erforderlich und am wirksamsten seien. Dazu geh\u00f6re auch, Arbeitszeiten gezielter einzusetzen oder das Entleeren kaum gef\u00fcllter Mistk\u00fcbel bedarfsgerechter zu planen. \u00a0<\/p>\n<p>Bei regelm\u00e4\u00dfigen \u00dcberpr\u00fcfungen seien bislang keine Verschlechterungen des Sauberkeitszustands festgestellt worden. Die neuen Abl\u00e4ufe w\u00fcrden auch laufend evaluiert und bei Bedarf angepasst, hei\u00dft es aus dem B\u00fcro der Vizeb\u00fcrgermeisterin.<\/p>\n<p>Schobesberger im Vorfeld nicht informiert<\/p>\n<p>Die fachlich f\u00fcr die Stadtreinigung zust\u00e4ndige Stadtr\u00e4tin Eva Schobesberger (Gr\u00fcne) kritisiert, im Vorfeld nicht informiert worden zu sein. Sie hat mittlerweile auch den Auftrag erteilt, diese Einschr\u00e4nkungen r\u00fcckg\u00e4ngig zu machen.<\/p>\n<p>Anders als etwa im Gemeinderat beschlossen, sei die Reinigung nicht ausgebaut worden, sondern abgebaut worden.\u00a0\u201eEs wurde das bestehende Leistungsspektrum in der stark frequentierten Landstra\u00dfe sogar eingeschr\u00e4nkt, und zwar deutlich. So findet die Nassreinigung nicht mehr wie bisher alle zwei Wochen, sondern nur mehr alle drei Wochen statt. Das entspricht einer Reduktion von 50 Prozent und das ausgerechnet in der Zeit, wo es praktisch keinen Niederschlag gab, also die \u201anat\u00fcrliche\u2018 Reinigung quasi null war\u201c, so die Kritik.<\/p>\n<p>Auch h\u00e4tten sich die Zeiten der Mistk\u00fcbel-Entleerung in der Landstra\u00dfe ge\u00e4ndert. Nicht wie vorher t\u00e4glich bis 22 Uhr, sondern nun Dienstag, Donnerstag und Freitag nur mehr bis 19 Uhr sowie montags und mittwochs nur mehr bis 15 Uhr w\u00fcrden diese geleert, \u201eder letzte also noch bevor der Gro\u00dfteil der Menschen aus der Arbeit kommt, bevor der Trubel in der Landstra\u00dfe \u00fcberhaupt anf\u00e4ngt.\u201c<\/p>\n<p>\u201eV\u00f6llig inakzeptabel\u201c<\/p>\n<p>Schobesberger: \u201eDas ist aus meiner Sicht v\u00f6llig inakzeptabel. Das geht in die komplett falsche Richtung und widerspricht all unseren Bem\u00fchungen, die Landstra\u00dfe als Einkaufsstra\u00dfe weiter zu attraktiveren. Ich habe daher den Auftrag erteilt, das r\u00fcckg\u00e4ngig zu machen\u201c, so die f\u00fcr die Stadtreinigung zust\u00e4ndige Stadtr\u00e4tin Schobesberger.<\/p>\n<p>Deutliche Kritik auch von FP\u00d6 und \u00d6VP<\/p>\n<p>Schon am Mittwoch kritisierten auch Sicherheitsstadtrat Michael Raml (FP\u00d6) und Vizeb\u00fcrgermeister, \u00d6VP-Chef Martin Hajart die K\u00fcrzung bei der Stadtreinigung.<\/p>\n<p>\u201eDass die Stadt sparen muss, steht au\u00dfer Frage. Aber Sparen braucht klare Priorit\u00e4ten. Eine saubere Stadt ist kein Luxus, sondern geh\u00f6rt zu den grundlegenden Leistungen, die sich die B\u00fcrger von ihrer Stadt erwarten d\u00fcrfen\u201c, so Raml. Er forderte deshalb eine Sauberkeitsoffensive mit mehr Stra\u00dfenkehrern und eine sofortige R\u00fccknahme der K\u00fcrzungen. Und weiter: \u201eWir diskutieren seit Monaten dar\u00fcber, wie wir die s\u00fcdliche Landstra\u00dfe und den Bereich rund um den Volksgarten wieder attraktiver, sicherer und lebenswerter machen. Gleichzeitig bei der Sauberkeit zur\u00fcckzufahren, ist genau das falsche Signal. Wer m\u00f6chte, dass sich die Menschen gerne in der Innenstadt aufhalten, muss f\u00fcr ausreichend Personal und Budget f\u00fcr Sicherheit, Ordnung und Sauberkeit sorgen.\u201c<\/p>\n<p>Ebenso sieht es die \u00d6VP: Linz m\u00fcsse der Verwahrlosung entgegenwirken, kritisiert auch VP-Linz Chef Hajart. \u201eGerade jetzt bei der Stadtreinigung den Sparstift anzusetzen, ist das v\u00f6llig falsche Signal. Die Antwort auf den zunehmenden Schmutz und immer mehr Beschwerden kann nicht sein, dass in Linz der Putzbesen in die Ecke gestellt wird.\u201c Gerade die Landstra\u00dfe m\u00fcsse als zentrale Einkaufsstra\u00dfe und Aush\u00e4ngeschild der Landeshauptstadt besonders gepflegt werden. \u201eEin attraktives Stadtzentrum sei nicht nur f\u00fcr die Linzerinnen und Linzer wichtig, sondern ebenso f\u00fcr Handel, Gastronomie, Tourismus und Wirtschaft.\u201c<\/p>\n","protected":false},"excerpt":{"rendered":"LINZ. Nachdem am Mittwoch bekannt wurde, dass die Stadt Linz offenbar bei der Stadtreinigung einspart \u2013 und Kritik&hellip;\n","protected":false},"author":2,"featured_media":359578,"comment_status":"","ping_status":"","sticky":false,"template":"","format":"standard","meta":{"footnotes":"","_share_on_mastodon":"0"},"categories":[30],"tags":[46,42,1482,4484,184,44,46395,13809],"class_list":["post-359577","post","type-post","status-publish","format-standard","has-post-thumbnail","category-linz","tag-at","tag-austria","tag-kritik","tag-landstrasse","tag-linz","tag-oesterreich","tag-reinigung","tag-stadt"],"share_on_mastodon":{"url":"https:\/\/pubeurope.com\/@at\/117167877313966891","error":""},"_links":{"self":[{"href":"https:\/\/www.europesays.com\/at\/wp-json\/wp\/v2\/posts\/359577","targetHints":{"allow":["GET"]}}],"collection":[{"href":"https:\/\/www.europesays.com\/at\/wp-json\/wp\/v2\/posts"}],"about":[{"href":"https:\/\/www.europesays.com\/at\/wp-json\/wp\/v2\/types\/post"}],"author":[{"embeddable":true,"href":"https:\/\/www.europesays.com\/at\/wp-json\/wp\/v2\/users\/2"}],"replies":[{"embeddable":true,"href":"https:\/\/www.europesays.com\/at\/wp-json\/wp\/v2\/comments?post=359577"}],"version-history":[{"count":0,"href":"https:\/\/www.europesays.com\/at\/wp-json\/wp\/v2\/posts\/359577\/revisions"}],"wp:featuredmedia":[{"embeddable":true,"href":"https:\/\/www.europesays.com\/at\/wp-json\/wp\/v2\/media\/359578"}],"wp:attachment":[{"href":"https:\/\/www.europesays.com\/at\/wp-json\/wp\/v2\/media?parent=359577"}],"wp:term":[{"taxonomy":"category","embeddable":true,"href":"https:\/\/www.europesays.com\/at\/wp-json\/wp\/v2\/categories?post=359577"},{"taxonomy":"post_tag","embeddable":true,"href":"https:\/\/www.europesays.com\/at\/wp-json\/wp\/v2\/tags?post=359577"}],"curies":[{"name":"wp","href":"https:\/\/api.w.org\/{rel}","templated":true}]}}