{"id":359583,"date":"2026-08-27T14:13:13","date_gmt":"2026-08-27T14:13:13","guid":{"rendered":"https:\/\/www.europesays.com\/at\/359583\/"},"modified":"2026-08-27T14:13:13","modified_gmt":"2026-08-27T14:13:13","slug":"dawsons-creek-star-busy-philipps-macht-gehirntumor-diagnose-oeffentlich","status":"publish","type":"post","link":"https:\/\/www.europesays.com\/at\/359583\/","title":{"rendered":"\u201eDawson\u2018s Creek\u201c-Star Busy Philipps macht Gehirntumor-Diagnose \u00f6ffentlich"},"content":{"rendered":"<p><a href=\"https:\/\/www.kleinezeitung.at\/rubriken\/leute\" data-slot=\"base\" class=\"inline-flex items-center disabled:cursor-not-allowed aria-disabled:cursor-not-allowed disabled:opacity-75 aria-disabled:opacity-75 transition-colors rounded-lg px-2.5 py-1.5 text-sm text-muted hover:text-default active:text-default disabled:text-muted aria-disabled:text-muted outline-inverted\/25 focus-visible:outline-3 gap-0 font-bold uppercase tracking-widest truncate !p-0 !rounded-none select-none\" rel=\"nofollow noopener\" target=\"_blank\">Leute &amp; Stars<\/a><\/p>\n<p class=\"klz-text-article-lead\">Die Schauspielerin erhielt Anfang des Jahres v\u00f6llig unerwartet die Diagnose. Ein verschobener Untersuchungstermin und das Dr\u00e4ngen ihres Ex-Mannes f\u00fchrten dazu, dass der Tumor rechtzeitig entdeckt werden konnte.<\/p>\n<p><img decoding=\"async\" src=\"https:\/\/www.europesays.com\/at\/wp-content\/uploads\/2026\/08\/Busy Philipps.webp\" alt=\"Im Interview mit dem \u201ePeople\u201c-Magazin sprach Busy Philipps \u00fcber die Schock-Diagnose und ihre OP\" loading=\"eager\" fetchpriority=\"high\"  class=\"w-full object-contain  rounded-2xl\"\/> \u00a9 IMAGO\/Lev RadinIm Interview mit dem \u201ePeople\u201c-Magazin sprach Busy Philipps \u00fcber die Schock-Diagnose und ihre OP<\/p>\n<p>vor 2 Stunden27. August 2026 um 11:45<\/p>\n","protected":false},"excerpt":{"rendered":"Leute &amp; Stars Die Schauspielerin erhielt Anfang des Jahres v\u00f6llig unerwartet die Diagnose. Ein verschobener Untersuchungstermin und das&hellip;\n","protected":false},"author":2,"featured_media":359584,"comment_status":"","ping_status":"","sticky":false,"template":"","format":"standard","meta":{"footnotes":"","_share_on_mastodon":"0"},"categories":[27],"tags":[46,42,90815,175,147,1251,32404,90950,4888,44,176,5859,148],"class_list":["post-359583","post","type-post","status-publish","format-standard","has-post-thumbnail","category-prominente","tag-at","tag-austria","tag-busy-philipps","tag-celebrities","tag-entertainment","tag-familie","tag-hirntumor","tag-oligodendrogliom","tag-operation","tag-oesterreich","tag-prominente","tag-schauspielerin","tag-unterhaltung"],"share_on_mastodon":{"url":"https:\/\/pubeurope.com\/@at\/117167889599634139","error":""},"_links":{"self":[{"href":"https:\/\/www.europesays.com\/at\/wp-json\/wp\/v2\/posts\/359583","targetHints":{"allow":["GET"]}}],"collection":[{"href":"https:\/\/www.europesays.com\/at\/wp-json\/wp\/v2\/posts"}],"about":[{"href":"https:\/\/www.europesays.com\/at\/wp-json\/wp\/v2\/types\/post"}],"author":[{"embeddable":true,"href":"https:\/\/www.europesays.com\/at\/wp-json\/wp\/v2\/users\/2"}],"replies":[{"embeddable":true,"href":"https:\/\/www.europesays.com\/at\/wp-json\/wp\/v2\/comments?post=359583"}],"version-history":[{"count":0,"href":"https:\/\/www.europesays.com\/at\/wp-json\/wp\/v2\/posts\/359583\/revisions"}],"wp:featuredmedia":[{"embeddable":true,"href":"https:\/\/www.europesays.com\/at\/wp-json\/wp\/v2\/media\/359584"}],"wp:attachment":[{"href":"https:\/\/www.europesays.com\/at\/wp-json\/wp\/v2\/media?parent=359583"}],"wp:term":[{"taxonomy":"category","embeddable":true,"href":"https:\/\/www.europesays.com\/at\/wp-json\/wp\/v2\/categories?post=359583"},{"taxonomy":"post_tag","embeddable":true,"href":"https:\/\/www.europesays.com\/at\/wp-json\/wp\/v2\/tags?post=359583"}],"curies":[{"name":"wp","href":"https:\/\/api.w.org\/{rel}","templated":true}]}}