{"id":359711,"date":"2026-08-27T15:24:11","date_gmt":"2026-08-27T15:24:11","guid":{"rendered":"https:\/\/www.europesays.com\/at\/359711\/"},"modified":"2026-08-27T15:24:11","modified_gmt":"2026-08-27T15:24:11","slug":"oetztaler-radmarathon-diese-strassen-sind-am-sonntag-gesperrt","status":"publish","type":"post","link":"https:\/\/www.europesays.com\/at\/359711\/","title":{"rendered":"\u00d6tztaler Radmarathon: Diese Stra\u00dfen sind am Sonntag gesperrt"},"content":{"rendered":"<p>Rund 4.000 Radsportler stellen sich am 30. August 2026 wieder der legend\u00e4ren \u00d6tztaler-Strecke \u2013 und sorgen dabei f\u00fcr weitreichende Verkehrseinschr\u00e4nkungen. Zwischen Innsbruck, dem Brenner, Sterzing und dem Passeiertal m\u00fcssen Autofahrer \u00fcber mehrere Stunden mit Sperren rechnen.<\/p>\n<p>Am Sonntag geht der \u00d6tztaler Radmarathon erneut \u00fcber die B\u00fchne. Die Teilnehmer bew\u00e4ltigen dabei eine anspruchsvolle 227 Kilometer lange Strecke mit rund 5.500 H\u00f6henmetern. Die Route f\u00fchrt von S\u00f6lden \u00fcber K\u00fchtai und Innsbruck zum Brenner, weiter \u00fcber Sterzing, den Jaufenpass und das Passeiertal bis zum Timmelsjoch, ehe es wieder zur\u00fcck nach S\u00f6lden geht. F\u00fcr den Stra\u00dfenverkehr bedeutet das entlang der gesamten Strecke deutliche Einschr\u00e4nkungen \u2013 vormittags vor allem zwischen Innsbruck und dem Brenner, im Tagesverlauf verlagern sich die Sperren dann auf den Jaufenpass, das Passeiertal und das Timmelsjoch.<\/p>\n<p>                Brennerstra\u00dfe am Vormittag betroffen                                    <\/p>\n<p>Wie Verkehrsinfos.it berichtet beginnen die ersten Sperren auf der B182 Brennerstra\u00dfe am Sonntagvormittag bereits fr\u00fch. Je nach Streckenabschnitt und Fahrtrichtung gelten unterschiedliche Zeitfenster, wodurch die Verbindung stundenweise komplett blockiert ist. Auch im Bereich Innsbruck S\u00fcd muss mit Behinderungen gerechnet werden. Wer zwischen Innsbruck und dem Brenner unterwegs ist, sollte daher nach M\u00f6glichkeit auf die mautpflichtige A13 Brennerautobahn ausweichen.<\/p>\n<p>Nach dem Grenz\u00fcbertritt setzt sich die Rennstrecke auf der SS12 Richtung Sterzing fort. Zwischen Brenner und Sterzing ist die Stra\u00dfe in beiden Fahrtrichtungen betroffen, wenngleich mit leicht versetzten Sperrzeiten.<\/p>\n<p>                Jaufenpass und Passeiertal am Nachmittag im Fokus                                    <\/p>\n<p>Von Sterzing f\u00fchrt die Strecke weiter \u00fcber die SS44 Jaufenpassstra\u00dfe nach Gasteig und \u00fcber den Jaufenpass. Eine Durchfahrt zwischen Sterzing und dem Passeiertal ist w\u00e4hrend dieser Zeit nicht m\u00f6glich. Auch auf der S\u00fcdseite des Passes, zwischen Jaufenpass und St. Leonhard, bleibt die Stra\u00dfe f\u00fcr mehrere Stunden gesperrt.<\/p>\n<p>Ab St. Leonhard zieht sich die Rennstrecke weiter durchs Passeiertal bis zum Timmelsjoch. Besonders im hinteren Passeiertal \u2013 zwischen St. Leonhard, Moos, Rabenstein und dem Timmelsjoch \u2013 ist am Nachmittag mit den l\u00e4ngsten Einschr\u00e4nkungen zu rechnen. F\u00fcr den Abschnitt St. Leonhard\u2013Moos wird eine Umleitung \u00fcber die LS115 Breiteben eingerichtet.<\/p>\n<p>                Alle Sperrzeiten auf einen Blick                                    <\/p>\n<p>B182 Brennerstra\u00dfe<\/p>\n<p>08:15\u201311:15 Uhr: Innsbruck\/Bergisel \u2192 Brenner<br \/>\n08:30\u201311:25 Uhr: Sch\u00f6nberg \u2192 Innsbruck<br \/>\n09:05\u201311:30 Uhr: Matrei \u2192 Brenner<br \/>\n09:15\u201311:40 Uhr: Steinach \u2192 Brenner<br \/>\n09:35\u201312:25 Uhr: Staatsgrenze \u2192 Gries am Brenner<\/p>\n<p>SS12 Brennerstaatsstra\u00dfe<\/p>\n<p>09:35\u201312:20 Uhr: Brenner \u2192 Sterzing Nordparkplatz<br \/>\n09:25\u201312:50 Uhr: Sterzing Nordparkplatz \u2192 Brenner<\/p>\n<p>SS44 Jaufenpassstra\u00dfe<\/p>\n<p>09:45\u201312:50 Uhr: Sterzing\/Thuins \u2192 Gasteig<br \/>\n09:30\u201314:45 Uhr: Gasteig \u2194 Jaufenpass<br \/>\n09:00\u201315:30 Uhr: Jaufenpass \u2192 St. Leonhard<br \/>\n11:30\u201316:00 Uhr: St. Leonhard \u2192 Moos<br \/>\n11:45\u201317:00 Uhr: Moos \u2192 Rabenstein<br \/>\n11:45\u201319:30 Uhr: Rabenstein \u2192 Timmelsjoch<\/p>\n<p>                Zeiten k\u00f6nnen sich verschieben                                    <\/p>\n<p>Die genannten Zeitr\u00e4ume gelten als geplante Sperrzeiten \u2013 je nach tats\u00e4chlichem Renngeschehen k\u00f6nnen einzelne Abschnitte auch fr\u00fcher wieder freigegeben werden. Wer am Sonntag zwischen Innsbruck, Brenner, Sterzing, dem Passeiertal und dem \u00d6tztal unterwegs ist, sollte die Sperrzeiten bei der Fahrtplanung unbedingt einkalkulieren. Vor allem eine \u00dcberquerung des Jaufenpasses oder des Timmelsjochs ist w\u00e4hrend des Radmarathons \u00fcber mehrere Stunden hinweg nicht m\u00f6glich. Wer es dennoch zum Timmelsjoch schafft: Von 19:30 bis 21:30 Uhr wird der Pass noch einmal f\u00fcr den Verkehr ge\u00f6ffnet.<\/p>\n","protected":false},"excerpt":{"rendered":"Rund 4.000 Radsportler stellen sich am 30. August 2026 wieder der legend\u00e4ren \u00d6tztaler-Strecke \u2013 und sorgen dabei f\u00fcr&hellip;\n","protected":false},"author":2,"featured_media":359712,"comment_status":"","ping_status":"","sticky":false,"template":"","format":"standard","meta":{"footnotes":"","_share_on_mastodon":"0"},"categories":[32],"tags":[46,42,268,274,270,193,272,275,40,265,44,266,269,271,109,264,263,267,273,66],"class_list":["post-359711","post","type-post","status-publish","format-standard","has-post-thumbnail","category-innsbruck","tag-at","tag-austria","tag-chronik","tag-diskussion","tag-gesellschaft","tag-innsbruck","tag-mediengeschehen","tag-meinung","tag-nachrichten","tag-nordtirol","tag-oesterreich","tag-osttirol","tag-politik","tag-presseklick","tag-sport","tag-suedtirol","tag-unsertirol24","tag-ut24","tag-ut24-blog","tag-welt"],"share_on_mastodon":{"url":"https:\/\/pubeurope.com\/@at\/117168168377784632","error":""},"_links":{"self":[{"href":"https:\/\/www.europesays.com\/at\/wp-json\/wp\/v2\/posts\/359711","targetHints":{"allow":["GET"]}}],"collection":[{"href":"https:\/\/www.europesays.com\/at\/wp-json\/wp\/v2\/posts"}],"about":[{"href":"https:\/\/www.europesays.com\/at\/wp-json\/wp\/v2\/types\/post"}],"author":[{"embeddable":true,"href":"https:\/\/www.europesays.com\/at\/wp-json\/wp\/v2\/users\/2"}],"replies":[{"embeddable":true,"href":"https:\/\/www.europesays.com\/at\/wp-json\/wp\/v2\/comments?post=359711"}],"version-history":[{"count":0,"href":"https:\/\/www.europesays.com\/at\/wp-json\/wp\/v2\/posts\/359711\/revisions"}],"wp:featuredmedia":[{"embeddable":true,"href":"https:\/\/www.europesays.com\/at\/wp-json\/wp\/v2\/media\/359712"}],"wp:attachment":[{"href":"https:\/\/www.europesays.com\/at\/wp-json\/wp\/v2\/media?parent=359711"}],"wp:term":[{"taxonomy":"category","embeddable":true,"href":"https:\/\/www.europesays.com\/at\/wp-json\/wp\/v2\/categories?post=359711"},{"taxonomy":"post_tag","embeddable":true,"href":"https:\/\/www.europesays.com\/at\/wp-json\/wp\/v2\/tags?post=359711"}],"curies":[{"name":"wp","href":"https:\/\/api.w.org\/{rel}","templated":true}]}}