{"id":359719,"date":"2026-08-27T15:28:09","date_gmt":"2026-08-27T15:28:09","guid":{"rendered":"https:\/\/www.europesays.com\/at\/359719\/"},"modified":"2026-08-27T15:28:09","modified_gmt":"2026-08-27T15:28:09","slug":"american-airlines-verbindet-wien-ab-2027-direkt-mit-philadelphia-news-tip","status":"publish","type":"post","link":"https:\/\/www.europesays.com\/at\/359719\/","title":{"rendered":"American Airlines verbindet Wien ab 2027 direkt mit Philadelphia \u00bb news | tip"},"content":{"rendered":"<p>Mit der neuen Strecke erweitert der Flughafen Wien sein Direktangebot nach Nordamerika um eine weitere Destination. American Airlines nimmt Philadelphia ab 6. Mai 2027 t\u00e4glich saisonal in den Flugplan auf und setzt daf\u00fcr einen Airbus A321XLR ein. Die Verbindung richtet sich sowohl an Reisende, die Philadelphia direkt erreichen m\u00f6chten, als auch an Passagier:innen, die von dort zu weiteren Zielen in den USA und dar\u00fcber hinaus weiterfliegen.<\/p>\n<p>&#13;<\/p>\n<p>\u201eMit American Airlines begr\u00fc\u00dfen wir die aktuell gr\u00f6\u00dfte Fluggesellschaft der USA neu am Flughafen Wien. Diese erstmalige Direktverbindung nach Philadelphia, die sechstgr\u00f6\u00dfte Stadt der Vereinigten Staaten, erweitert unser Langstreckennetz um eine attraktive neue Destination und schafft gute Anschlussm\u00f6glichkeiten zu zahlreichen Zielen in Nord- und S\u00fcdamerika\u201c, sagt Mag. Julian J\u00e4ger, Vorstand der Flughafen Wien AG. Auch f\u00fcr den Wiener Tourismus ist die neue Verbindung von Bedeutung. Die USA waren 2025 mit rund 1,3 Mio. N\u00e4chtigungen der wichtigste Fernmarkt f\u00fcr den Wiener Freizeittourismus und spielen auch bei Gesch\u00e4ftsreisen und Business Events eine wichtige Rolle. \u201eMit der neuen Direktverbindung von American Airlines zwischen Philadelphia und Wien gewinnt unsere Stadt weiter an internationaler Sichtbarkeit und Erreichbarkeit\u201c, so Norbert Kettner, CEO WienTourismus.<\/p>\n<p>&#13;<br \/>\nT\u00e4glich nonstop nach Philadelphia&#13;<\/p>\n<p>Der Abflug in Wien ist um 11:40 Uhr vorgesehen, die Ankunft in Philadelphia erfolgt um 15:55 Uhr. Der R\u00fcckflug startet um 18:50 Uhr in Philadelphia und landet am Folgetag um 10:05 Uhr in Wien. Die Route wird auch \u00fcber die Weihnachtsfeiertage im Dezember angeboten, sodass Reisende aus den USA die M\u00f6glichkeit haben, die \u00f6sterreichischen Weihnachtsm\u00e4rkte zu besuchen. \u00d6sterreicher:innen k\u00f6nnen \u00fcber das Drehkreuz zu mehr als 100 Destinationen in den USA sowie nach Kanada, Mexiko und in die Karibik weiterreisen.<\/p>\n<p>&#13;<\/p>\n<p>Philadelphia selbst z\u00e4hlt zu den geschichtstr\u00e4chtigsten St\u00e4dten der Vereinigten Staaten. Sehensw\u00fcrdigkeiten wie die Independence Hall und die Liberty Bell erinnern an die amerikanische Unabh\u00e4ngigkeitsgeschichte. Gleichzeitig ist die Stadt ein Zentrum f\u00fcr Wirtschaft, Wissenschaft, Medizin und Bildung und bietet eine vielf\u00e4ltige Kunst- und Gastronomieszene. Durch die Lage an der US-Ostk\u00fcste eignet sich Philadelphia zudem als Ausgangspunkt f\u00fcr Reisen in die umliegende Region. (Red)<\/p>\n","protected":false},"excerpt":{"rendered":"Mit der neuen Strecke erweitert der Flughafen Wien sein Direktangebot nach Nordamerika um eine weitere Destination. American Airlines&hellip;\n","protected":false},"author":2,"featured_media":359720,"comment_status":"","ping_status":"","sticky":false,"template":"","format":"standard","meta":{"footnotes":"","_share_on_mastodon":"0"},"categories":[28],"tags":[90941,4016,46,42,55136,4956,9083,559,746,44,5826,439,181,182],"class_list":["post-359719","post","type-post","status-publish","format-standard","has-post-thumbnail","category-wien","tag-american-airlines","tag-amerika","tag-at","tag-austria","tag-direktflug","tag-flug","tag-fluggesellschaft","tag-flughafen","tag-flughafen-wien","tag-oesterreich","tag-philadelphia","tag-usa","tag-vienna","tag-wien"],"share_on_mastodon":{"url":"https:\/\/pubeurope.com\/@at\/117168183866690299","error":""},"_links":{"self":[{"href":"https:\/\/www.europesays.com\/at\/wp-json\/wp\/v2\/posts\/359719","targetHints":{"allow":["GET"]}}],"collection":[{"href":"https:\/\/www.europesays.com\/at\/wp-json\/wp\/v2\/posts"}],"about":[{"href":"https:\/\/www.europesays.com\/at\/wp-json\/wp\/v2\/types\/post"}],"author":[{"embeddable":true,"href":"https:\/\/www.europesays.com\/at\/wp-json\/wp\/v2\/users\/2"}],"replies":[{"embeddable":true,"href":"https:\/\/www.europesays.com\/at\/wp-json\/wp\/v2\/comments?post=359719"}],"version-history":[{"count":0,"href":"https:\/\/www.europesays.com\/at\/wp-json\/wp\/v2\/posts\/359719\/revisions"}],"wp:featuredmedia":[{"embeddable":true,"href":"https:\/\/www.europesays.com\/at\/wp-json\/wp\/v2\/media\/359720"}],"wp:attachment":[{"href":"https:\/\/www.europesays.com\/at\/wp-json\/wp\/v2\/media?parent=359719"}],"wp:term":[{"taxonomy":"category","embeddable":true,"href":"https:\/\/www.europesays.com\/at\/wp-json\/wp\/v2\/categories?post=359719"},{"taxonomy":"post_tag","embeddable":true,"href":"https:\/\/www.europesays.com\/at\/wp-json\/wp\/v2\/tags?post=359719"}],"curies":[{"name":"wp","href":"https:\/\/api.w.org\/{rel}","templated":true}]}}