{"id":360003,"date":"2026-08-27T18:18:12","date_gmt":"2026-08-27T18:18:12","guid":{"rendered":"https:\/\/www.europesays.com\/at\/360003\/"},"modified":"2026-08-27T18:18:12","modified_gmt":"2026-08-27T18:18:12","slug":"legionellen-in-kuehlanlage-im-bezirk-linz-land-entdeckt","status":"publish","type":"post","link":"https:\/\/www.europesays.com\/at\/360003\/","title":{"rendered":"Legionellen in K\u00fchlanlage im Bezirk Linz-Land entdeckt"},"content":{"rendered":"<p>LINZ\/LEONDING. Im Zusammenhang mit dem Legionellenausbruch im Gro\u00dfraum Linz gibt es eine neue Spur: In einer K\u00fchlanlage eines Gewerbebetriebs im Bereich Doppl\/Haidfeldstra\u00dfe in Linz-Leonding wurden Legionellen nachgewiesen. Die Bezirkshauptmannschaft (BH) Linz-Land hat Erhebungen aufgenommen und steht mit dem Unternehmen wegen notwendiger Desinfektionsma\u00dfnahmen in Kontakt.<\/p>\n<p class=\"isSelectedEnd\">Seit Beginn der H\u00e4ufung schwerer Lungenentz\u00fcndungen sind insgesamt 31 Personen erkrankt. Drei Menschen sind verstorben. Vier Patienten befinden sich derzeit noch in station\u00e4rer Behandlung, einer davon wird intensivmedizinisch betreut.<\/p>\n<p class=\"isSelectedEnd\">Mehr als 190 Wasserproben aus Haushalten, Arbeitsst\u00e4tten, Beherbergungsbetrieben und K\u00fchlanlagen wurden bisher gesammelt. Gut zwei Drittel davon wurden bereits vom Referenzlabor der Agentur f\u00fcr Gesundheit und Ern\u00e4hrungssicherheit (AGES) untersucht. Die positive Probe aus der K\u00fchlanlage wurde im Zuge dieser umfangreichen Untersuchungen festgestellt.<\/p>\n<p>Infektion durch Wassernebel<\/p>\n<p class=\"isSelectedEnd\">Die Legion\u00e4rskrankheit, auch Legionellose genannt, ist eine schwere und mitunter t\u00f6dlich verlaufende Lungenentz\u00fcndung. Die Bakterien k\u00f6nnen in Boden und Trinkwasser vorkommen. Gef\u00e4hrlich werden sie, wenn sie \u00fcber fein zerst\u00e4ubten Wassernebel in die Atemwege gelangen. Das Trinken von belastetem Wasser stellt laut den vorliegenden Informationen keine Gefahr dar, da die Bakterien im Magen unsch\u00e4dlich gemacht werden.<\/p>\n<p class=\"isSelectedEnd\">Besonders gef\u00e4hrdet sind unter anderem Raucher, \u00e4ltere Menschen und Personen mit Vorerkrankungen wie Diabetes oder chronischen Lungenerkrankungen.<\/p>\n<p>Wasser nach l\u00e4ngerer Pause ablaufen lassen<\/p>\n<p>Um das Risiko einer Infektion zu verringern, sollte Wasser nach l\u00e4ngeren Standzeiten, etwa nach einem Urlaub, vor der Verwendung aus den Leitungen ablaufen. Wichtig sind au\u00dferdem ausreichende Wassertemperaturen und eine regelm\u00e4\u00dfige Wartung der Installationen in Haus, Garten und Arbeitsst\u00e4tte.<\/p>\n","protected":false},"excerpt":{"rendered":"LINZ\/LEONDING. Im Zusammenhang mit dem Legionellenausbruch im Gro\u00dfraum Linz gibt es eine neue Spur: In einer K\u00fchlanlage eines&hellip;\n","protected":false},"author":2,"featured_media":360004,"comment_status":"","ping_status":"","sticky":false,"template":"","format":"standard","meta":{"footnotes":"","_share_on_mastodon":"0"},"categories":[30],"tags":[46,42,23358,85479,91009,91007,91008,91006,39311,90391,55570,88662,29928,184,60574,44,91005],"class_list":["post-360003","post","type-post","status-publish","format-standard","has-post-thumbnail","category-linz","tag-at","tag-austria","tag-bezirkshauptmannschaft","tag-bh-linz-land","tag-desinfektionsmassnahmen","tag-doppl-haidfeldstrasse","tag-erhebungen","tag-gewerbebetrieb","tag-grossraum-linz","tag-kuehlanlage","tag-legionellen","tag-legionellenausbruch","tag-leonding","tag-linz","tag-nachgewiesen","tag-oesterreich","tag-spur"],"share_on_mastodon":{"url":"https:\/\/pubeurope.com\/@at\/117168852937013478","error":""},"_links":{"self":[{"href":"https:\/\/www.europesays.com\/at\/wp-json\/wp\/v2\/posts\/360003","targetHints":{"allow":["GET"]}}],"collection":[{"href":"https:\/\/www.europesays.com\/at\/wp-json\/wp\/v2\/posts"}],"about":[{"href":"https:\/\/www.europesays.com\/at\/wp-json\/wp\/v2\/types\/post"}],"author":[{"embeddable":true,"href":"https:\/\/www.europesays.com\/at\/wp-json\/wp\/v2\/users\/2"}],"replies":[{"embeddable":true,"href":"https:\/\/www.europesays.com\/at\/wp-json\/wp\/v2\/comments?post=360003"}],"version-history":[{"count":0,"href":"https:\/\/www.europesays.com\/at\/wp-json\/wp\/v2\/posts\/360003\/revisions"}],"wp:featuredmedia":[{"embeddable":true,"href":"https:\/\/www.europesays.com\/at\/wp-json\/wp\/v2\/media\/360004"}],"wp:attachment":[{"href":"https:\/\/www.europesays.com\/at\/wp-json\/wp\/v2\/media?parent=360003"}],"wp:term":[{"taxonomy":"category","embeddable":true,"href":"https:\/\/www.europesays.com\/at\/wp-json\/wp\/v2\/categories?post=360003"},{"taxonomy":"post_tag","embeddable":true,"href":"https:\/\/www.europesays.com\/at\/wp-json\/wp\/v2\/tags?post=360003"}],"curies":[{"name":"wp","href":"https:\/\/api.w.org\/{rel}","templated":true}]}}