{"id":360137,"date":"2026-08-27T19:42:16","date_gmt":"2026-08-27T19:42:16","guid":{"rendered":"https:\/\/www.europesays.com\/at\/360137\/"},"modified":"2026-08-27T19:42:16","modified_gmt":"2026-08-27T19:42:16","slug":"die-muenchner-kammerspiele-sind-das-theater-des-jahres","status":"publish","type":"post","link":"https:\/\/www.europesays.com\/at\/360137\/","title":{"rendered":"Die M\u00fcnchner Kammerspiele sind das Theater des Jahres"},"content":{"rendered":"<p _ngcontent-tt-com-www-c3219541002=\"\" data-cy=\"preamble\">Bei der traditionellen Kritikerumfrage des Fachmagazins \u201eTheater heute\u201c erhielt das Haus unter Intendantin Barbara Mundel die meisten Stimmen. Auch die Inszenierung des Jahres kommt aus M\u00fcnchen. Zwei Auszeichnungen gingen nach \u00d6sterreich.<\/p>\n<p _ngcontent-tt-com-www-c3071245697=\"\" data-cy=\"body\">Die M\u00fcnchner Kammerspiele sind f\u00fcr die Kritikerinnen und Kritiker das Theater des Jahres. Das ergab die aktuelle Jahresumfrage des Fachmagazins Theater heute, an der 45 Theaterkritiker teilnahmen. Das Haus unter der Leitung von Barbara Mundel setzt sich damit vor das Maxim Gorki Theater, das Berliner Ensemble und das Schauspiel K\u00f6ln durch.<\/p>\n<p _ngcontent-tt-com-www-c3071245697=\"\" data-cy=\"body\">Gleich zwei der wichtigsten Auszeichnungen gingen an Produktionen aus M\u00fcnchen. Zur Inszenierung des Jahres wurde Jan-Christoph Gockels siebenst\u00fcndige Schiller-Adaption \u201eWallenstein\u201c gew\u00e4hlt. Die Produktion hatte bereits beim Berliner Theatertreffen f\u00fcr Aufmerksamkeit gesorgt und z\u00e4hlt zu den meistdiskutierten Theaterabenden der vergangenen Saison.<\/p>\n<p>Die Kritik hat gew\u00e4hlt: Das Ergebnis der \u201eTheater heute\u201c-Umfrage im \u00dcberblickTheater des Jahres: M\u00fcnchner KammerspieleInszenierung des Jahres: \u201eWallenstein\u201c (Regie: Jan-Christoph Gockel)Dramaturg:innen des Jahres: Viola Hasselberg und Claus PhilippSchauspielerin des Jahres: Paulina AlpenSchauspieler des Jahres: Guido LambrechtNachwuchsk\u00fcnstlerin des Jahres: Annika NeugartB\u00fchnenbild des Jahres: Ida M\u00fcller (\u201ePeer Gynt\u201c)St\u00fccke des Jahres: \u201eTo My Little Boy\u201c (Caren Je\u00df) und \u201ePlay Auerbach!\u201c (Avishai Milstein)\u00c4rgernis des Jahres: Wolfram Weimer und die CDU-Kulturpolitik<\/p>\n<p _ngcontent-tt-com-www-c3071245697=\"\" data-cy=\"body\">Auch aus \u00f6sterreichischer Sicht brachte die Kritikerumfrage erfreuliche Ergebnisse. Der \u00d6sterreicher Claus Philipp wurde gemeinsam mit Viola Hasselberg f\u00fcr die Arbeit an \u201eWallenstein\u201c als Dramaturg des Jahres ausgezeichnet. Die Grazer Schauspielerin Pia Hierzegger kam mit ihrer 24-st\u00fcndigen Performance \u201eThe Second Woman\u201c bei den Wiener Festwochen auf den zweiten Platz der Wahl zur Schauspielerin des Jahres.<\/p>\n<p _ngcontent-tt-com-www-c3071245697=\"\" data-cy=\"body\">Den Titel Schauspielerin des Jahres sicherte sich Paulina Alpen f\u00fcr ihre Leistung in \u201eDie Welt im R\u00fccken\u201c am Schauspiel Stuttgart. Schauspieler des Jahres wurde Guido Lambrecht f\u00fcr seine Rolle in \u201eSerotonin\u201c am Hans-Otto-Theater Potsdam. Als Nachwuchsk\u00fcnstlerin des Jahres wurde Annika Neugart geehrt, die ebenfalls in \u201eWallenstein\u201c mitwirkte.<\/p>\n<p _ngcontent-tt-com-www-c3071245697=\"\" data-cy=\"body\">Die S\u00fcdtiroler Dramatikerin Miriam Unterthiner kam in der Nachwuchskategorie in die engere Wahl. Weitere Auszeichnungen gingen an Ida M\u00fcller, deren Comic-B\u00fchnenbild f\u00fcr \u201ePeer Gynt\u201c an der Berliner Volksb\u00fchne zum B\u00fchnenbild des Jahres gew\u00e4hlt wurde. Als St\u00fccke des Jahres bestimmten die Kritiker Caren Je\u00df&#8216; \u201eTo My Little Boy\u201c sowie Avishai Milsteins \u201ePlay Auerbach!\u201c. (dpa, TT)<\/p>\n","protected":false},"excerpt":{"rendered":"Bei der traditionellen Kritikerumfrage des Fachmagazins \u201eTheater heute\u201c erhielt das Haus unter Intendantin Barbara Mundel die meisten Stimmen.&hellip;\n","protected":false},"author":2,"featured_media":360138,"comment_status":"","ping_status":"","sticky":false,"template":"","format":"standard","meta":{"footnotes":"","_share_on_mastodon":"0"},"categories":[22],"tags":[46,42,91043,3657,147,91045,69895,44,28096,91044,148,8503],"class_list":["post-360137","post","type-post","status-publish","format-standard","has-post-thumbnail","category-unterhaltung","tag-at","tag-austria","tag-barbara-mundel","tag-buehne","tag-entertainment","tag-inszenierung-des-jahres","tag-muenchner-kammerspiele","tag-oesterreich","tag-pia-hierzegger","tag-theater-heute","tag-unterhaltung","tag-wiener-festwochen"],"share_on_mastodon":{"url":"https:\/\/pubeurope.com\/@at\/117169183532422791","error":""},"_links":{"self":[{"href":"https:\/\/www.europesays.com\/at\/wp-json\/wp\/v2\/posts\/360137","targetHints":{"allow":["GET"]}}],"collection":[{"href":"https:\/\/www.europesays.com\/at\/wp-json\/wp\/v2\/posts"}],"about":[{"href":"https:\/\/www.europesays.com\/at\/wp-json\/wp\/v2\/types\/post"}],"author":[{"embeddable":true,"href":"https:\/\/www.europesays.com\/at\/wp-json\/wp\/v2\/users\/2"}],"replies":[{"embeddable":true,"href":"https:\/\/www.europesays.com\/at\/wp-json\/wp\/v2\/comments?post=360137"}],"version-history":[{"count":0,"href":"https:\/\/www.europesays.com\/at\/wp-json\/wp\/v2\/posts\/360137\/revisions"}],"wp:featuredmedia":[{"embeddable":true,"href":"https:\/\/www.europesays.com\/at\/wp-json\/wp\/v2\/media\/360138"}],"wp:attachment":[{"href":"https:\/\/www.europesays.com\/at\/wp-json\/wp\/v2\/media?parent=360137"}],"wp:term":[{"taxonomy":"category","embeddable":true,"href":"https:\/\/www.europesays.com\/at\/wp-json\/wp\/v2\/categories?post=360137"},{"taxonomy":"post_tag","embeddable":true,"href":"https:\/\/www.europesays.com\/at\/wp-json\/wp\/v2\/tags?post=360137"}],"curies":[{"name":"wp","href":"https:\/\/api.w.org\/{rel}","templated":true}]}}