{"id":360267,"date":"2026-08-27T21:06:12","date_gmt":"2026-08-27T21:06:12","guid":{"rendered":"https:\/\/www.europesays.com\/at\/360267\/"},"modified":"2026-08-27T21:06:12","modified_gmt":"2026-08-27T21:06:12","slug":"gewerkschaft-gpa-beschaeftigte-am-flughafen-wien-haben-sich-rasche-antworten-verdient","status":"publish","type":"post","link":"https:\/\/www.europesays.com\/at\/360267\/","title":{"rendered":"Gewerkschaft GPA: \u201eBesch\u00e4ftigte am Flughafen Wien haben sich rasche Antworten verdient!\u201c"},"content":{"rendered":"<p>Wien. (OTS) &#8211;\u00a0<\/p>\n<p>Mit der Joint Sky Service GmbH \u00fcbernimmt ab Oktober ein neuer Anbieter die zweite Lizenz f\u00fcr die Bodenabfertigung am Flughafen Wien. Doch f\u00fcr die Besch\u00e4ftigten des bisherigen Anbieters Airline Assistance Switzerland AG bleibt bisher unklar, wie sich der Wechsel auf ihre Arbeitspl\u00e4tze auswirkt. Seitens der Gewerkschaft GPA Nieder\u00f6sterreich fanden heute erste Gespr\u00e4che mit der Gesch\u00e4ftsf\u00fchrung der Joint Sky Service GmbH statt, um Planbarkeit f\u00fcr die Besch\u00e4ftigten zu schaffen. <\/p>\n<p>\u201eDer Austausch war konstruktiv, doch es fehlt nach wie vor an klaren Antworten f\u00fcr die Besch\u00e4ftigten. Sowohl die Airline Assistance Switzerland AG als auch die Joint Sky Service GmbH sind jetzt gefordert die Besch\u00e4ftigten schnellstm\u00f6glich \u00fcber die n\u00e4chsten Schritte zu informieren und Rechtssicherheit f\u00fcr alle Seiten zu schaffen \u2013 denn die Zeit dr\u00e4ngt\u201c, appelliert Thomas Sch\u00e4ffer, Vorsitzender der Gewerkschaft GPA Nieder\u00f6sterreich. Dies werde man auch in k\u00fcnftigen Gespr\u00e4chen mit beiden Firmen einfordern. <\/p>\n<p>\u201eBodenabfertigung ist sicherheitsrelevante Arbeit. Daf\u00fcr braucht es gut ausgebildetes, sicherheits\u00fcberpr\u00fcftes und erfahrenes Personal, das die Abl\u00e4ufe und Besonderheiten des Standorts kennt. Dieses Wissen l\u00e4sst sich nicht von heute auf morgen ersetzen\u201c, so Sch\u00e4ffer weiter. <\/p>\n<p>\u201eSicherheit gibt es nicht zum Billigtarif. Damit die Bodenabfertigung am Flughafen Wien auch in Zukunft sicher und verl\u00e4sslich funktioniert, braucht es auch die entsprechenden Rahmenbedingungen. Deshalb m\u00fcssen jetzt beide Anbieter ihre Verantwortung ernst nehmen und gegen\u00fcber den Besch\u00e4ftigten rasch f\u00fcr Klarheit sorgen\u201c, betont Sch\u00e4ffer abschlie\u00dfend. <\/p>\n<p _ngcontent-ng-c2115416006=\"\">Gewerkschaft GPA &#8211; \u00d6ffentlichkeitsarbeit<br \/>Raphaela Lang, BA<br \/>Telefon: 05 0301-21368, Mobil: 0676 817 111 368<br \/>E-Mail: <a href=\"http:\/\/www.ots.at\/cdn-cgi\/l\/email-protection#3f4d5e4f575e5a535e11535e51587f584f5e115e4b\" rel=\"nofollow noopener\" target=\"_blank\">[email\u00a0protected]<\/a><\/p>\n<p _ngcontent-ng-c2115416006=\"\"> OTS-ORIGINALTEXT PRESSEAUSSENDUNG UNTER AUSSCHLIESSLICHER<br \/>\nINHALTLICHER VERANTWORTUNG DES AUSSENDERS &#8211; WWW.OTS.AT | NGB<\/p>\n","protected":false},"excerpt":{"rendered":"Wien. (OTS) &#8211;\u00a0 Mit der Joint Sky Service GmbH \u00fcbernimmt ab Oktober ein neuer Anbieter die zweite Lizenz&hellip;\n","protected":false},"author":2,"featured_media":360268,"comment_status":"","ping_status":"","sticky":false,"template":"","format":"standard","meta":{"footnotes":"","_share_on_mastodon":"0"},"categories":[6],"tags":[26393,26395,46,42,91068,559,5770,38896,44,26394,43,45,4213],"class_list":["post-360267","post","type-post","status-publish","format-standard","has-post-thumbnail","category-oesterreich","tag-apa","tag-apa-ots","tag-at","tag-austria","tag-bodenabfertigung","tag-flughafen","tag-gewerkschaften","tag-gpa","tag-oesterreich","tag-ots","tag-republic-of-austria","tag-republik-oesterreich","tag-sicherheit"],"share_on_mastodon":{"url":"https:\/\/pubeurope.com\/@at\/117169513067342879","error":""},"_links":{"self":[{"href":"https:\/\/www.europesays.com\/at\/wp-json\/wp\/v2\/posts\/360267","targetHints":{"allow":["GET"]}}],"collection":[{"href":"https:\/\/www.europesays.com\/at\/wp-json\/wp\/v2\/posts"}],"about":[{"href":"https:\/\/www.europesays.com\/at\/wp-json\/wp\/v2\/types\/post"}],"author":[{"embeddable":true,"href":"https:\/\/www.europesays.com\/at\/wp-json\/wp\/v2\/users\/2"}],"replies":[{"embeddable":true,"href":"https:\/\/www.europesays.com\/at\/wp-json\/wp\/v2\/comments?post=360267"}],"version-history":[{"count":0,"href":"https:\/\/www.europesays.com\/at\/wp-json\/wp\/v2\/posts\/360267\/revisions"}],"wp:featuredmedia":[{"embeddable":true,"href":"https:\/\/www.europesays.com\/at\/wp-json\/wp\/v2\/media\/360268"}],"wp:attachment":[{"href":"https:\/\/www.europesays.com\/at\/wp-json\/wp\/v2\/media?parent=360267"}],"wp:term":[{"taxonomy":"category","embeddable":true,"href":"https:\/\/www.europesays.com\/at\/wp-json\/wp\/v2\/categories?post=360267"},{"taxonomy":"post_tag","embeddable":true,"href":"https:\/\/www.europesays.com\/at\/wp-json\/wp\/v2\/tags?post=360267"}],"curies":[{"name":"wp","href":"https:\/\/api.w.org\/{rel}","templated":true}]}}