{"id":360319,"date":"2026-08-27T21:47:08","date_gmt":"2026-08-27T21:47:08","guid":{"rendered":"https:\/\/www.europesays.com\/at\/360319\/"},"modified":"2026-08-27T21:47:08","modified_gmt":"2026-08-27T21:47:08","slug":"keine-party-in-salzburg-nur-ein-etappenziel","status":"publish","type":"post","link":"https:\/\/www.europesays.com\/at\/360319\/","title":{"rendered":"Keine Party in Salzburg &#8211; &#8222;Nur ein Etappenziel!&#8220;"},"content":{"rendered":"<p>Dass die Tore schlussendlich doch noch relativ einfach von der Hand gingen, l\u00e4ge auch an der in der Stunde davor geleisteten Vorarbeit, erkl\u00e4rt R\u00f6hl:<\/p>\n<p>&#8222;Ab der 60. Minute hat man gemerkt, dass der Gegner m\u00fcde war. Und der Gegner wird nur m\u00fcde, wenn du ihn bespielst und laufen l\u00e4sst. Es ist wichtig, den Gegner zu zerm\u00fcrben &#8211; und das haben wir gemacht.&#8220;<\/p>\n<p>Zudem gefiel dem Deutschen, dass Mj\u00e4llby &#8211; ganz anders als im Hinspiel &#8211; diesmal zu keiner einzigen Umschaltsituation und entsprechend auch zu keinen Chancen kam: &#8222;Das haben wir heute unterbunden, weil wir eine gute Struktur hatten.&#8220;<\/p>\n<p>R\u00f6hl h\u00e4lt fest: &#8222;Alles in allem bin ich sehr zufrieden.&#8220;<\/p>\n<p>Zur\u00fcck in &#8222;Unserem Bewerb&#8220;<\/p>\n<p>Nun stehen die Salzburger also wieder in jenem Bewerb, den sie jahrelang als &#8222;Unseren Bewerb&#8220; titulierten, in dem sie in der Vorsaison mit Rang 31 von 36 Mannschaften aber auch auf ganzer Linie entt\u00e4uschten.<\/p>\n<p>Dabei geh\u00f6rt erw\u00e4hnt, dass die &#8222;Bullen&#8220; letztes Jahr unter anderem mit Ausw\u00e4rts-Duellen gegen die beiden sp\u00e4teren Finalisten <a href=\"https:\/\/www.laola1.at\/de\/daten\/news\/fussball\/sc-freiburg\/\" class=\"tag\" rel=\"nofollow noopener\" target=\"_blank\">SC Freiburg<\/a> und <a href=\"https:\/\/www.laola1.at\/de\/daten\/news\/fussball\/aston-villa\/\" class=\"tag\" rel=\"nofollow noopener\" target=\"_blank\">Aston Villa<\/a> nicht gerade Gl\u00fcck bei der Auslosung hatten.<\/p>\n<p>Gibt es nun W\u00fcnsche an die Losfee?<\/p>\n<p><a target=\"_blank\" rel=\"noopener noreferrer nofollow\" href=\"https:\/\/www.laola1.at\/de\/red\/fussball\/europa-league\/news\/das-sind-die-moeglichen-el-gegner-von-sturm-und-salzburg\/\">Das sind die m\u00f6glichen Gegner von Salzburg in der Europa League &gt;&gt;&gt;<\/a><\/p>\n<p>R\u00f6hl hofft auf Premier-League-Gegner<\/p>\n<p>&#8222;Es gibt nat\u00fcrlich schon interessante Lose. Ich habe eine Vergangenheit auf der Insel, vielleicht treffen wir auch den ein oder anderen Ex-Trainer aus \u00d6sterreich wieder&#8220;, spitzt R\u00f6hl auf Duelle mit den Premier-League-Klubs Sunderland, <a href=\"https:\/\/www.laola1.at\/de\/daten\/news\/fussball\/crystal-palace\/\" class=\"tag\" rel=\"nofollow noopener\" target=\"_blank\">Crystal Palace<\/a> und Bournemouth oder auch mit der TSG Hoffenheim, wo bekanntlich <a href=\"https:\/\/www.laola1.at\/de\/daten\/news\/christian-ilzer\/\" class=\"tag\" rel=\"nofollow noopener\" target=\"_blank\">Christian Ilzer<\/a> an der Seitenlinie steht.<\/p>\n<p>Egal, wie die Gegner dann hei\u00dfen &#8211; bekommen die Salzburger im Laufe des internationalen Herbsts \u00e4hnlich souver\u00e4ne und erwachsene Auftritte wie am Donnerstag gegen Mj\u00e4llby hin, k\u00f6nnte die internationale Reise heuer endlich mal \u00fcber eine Ligaphase hinausgehen.<\/p>\n","protected":false},"excerpt":{"rendered":"Dass die Tore schlussendlich doch noch relativ einfach von der Hand gingen, l\u00e4ge auch an der in der&hellip;\n","protected":false},"author":2,"featured_media":360320,"comment_status":"","ping_status":"","sticky":false,"template":"","format":"standard","meta":{"footnotes":"","_share_on_mastodon":"0"},"categories":[31],"tags":[46,42,61128,56582,1061,964,3458,7902,81393,59843,44,192,19951,1157],"class_list":["post-360319","post","type-post","status-publish","format-standard","has-post-thumbnail","category-salzburg","tag-at","tag-austria","tag-danny-roehl","tag-dominik-schmid","tag-fc-red-bull-salzburg","tag-fussball","tag-karim-konate","tag-laola1","tag-mjaellby-aif","tag-nikolas-veratschnig","tag-oesterreich","tag-salzburg","tag-simon-urhofer","tag-uefa-europa-league"],"share_on_mastodon":{"url":"https:\/\/pubeurope.com\/@at\/117169674140294967","error":""},"_links":{"self":[{"href":"https:\/\/www.europesays.com\/at\/wp-json\/wp\/v2\/posts\/360319","targetHints":{"allow":["GET"]}}],"collection":[{"href":"https:\/\/www.europesays.com\/at\/wp-json\/wp\/v2\/posts"}],"about":[{"href":"https:\/\/www.europesays.com\/at\/wp-json\/wp\/v2\/types\/post"}],"author":[{"embeddable":true,"href":"https:\/\/www.europesays.com\/at\/wp-json\/wp\/v2\/users\/2"}],"replies":[{"embeddable":true,"href":"https:\/\/www.europesays.com\/at\/wp-json\/wp\/v2\/comments?post=360319"}],"version-history":[{"count":0,"href":"https:\/\/www.europesays.com\/at\/wp-json\/wp\/v2\/posts\/360319\/revisions"}],"wp:featuredmedia":[{"embeddable":true,"href":"https:\/\/www.europesays.com\/at\/wp-json\/wp\/v2\/media\/360320"}],"wp:attachment":[{"href":"https:\/\/www.europesays.com\/at\/wp-json\/wp\/v2\/media?parent=360319"}],"wp:term":[{"taxonomy":"category","embeddable":true,"href":"https:\/\/www.europesays.com\/at\/wp-json\/wp\/v2\/categories?post=360319"},{"taxonomy":"post_tag","embeddable":true,"href":"https:\/\/www.europesays.com\/at\/wp-json\/wp\/v2\/tags?post=360319"}],"curies":[{"name":"wp","href":"https:\/\/api.w.org\/{rel}","templated":true}]}}