{"id":360339,"date":"2026-08-27T22:03:15","date_gmt":"2026-08-27T22:03:15","guid":{"rendered":"https:\/\/www.europesays.com\/at\/360339\/"},"modified":"2026-08-27T22:03:15","modified_gmt":"2026-08-27T22:03:15","slug":"landwirtschaft-start-der-apfelernte-durch-trockenheit-bis-zu-30-prozent-weniger","status":"publish","type":"post","link":"https:\/\/www.europesays.com\/at\/360339\/","title":{"rendered":"Landwirtschaft &#8211; Start der Apfelernte: Durch Trockenheit bis zu 30 Prozent weniger"},"content":{"rendered":"<p>        <img decoding=\"async\" src=\"https:\/\/www.europesays.com\/at\/wp-content\/uploads\/2026\/08\/img-HhDCNkmbMXsenJH4.jpeg\" data-fullscreen-src=\"https:\/\/www.bvz.at\/image\/3840x0-jpg\/6600698\/img-HhDCNkmbMXsenJH4.jpeg\" bad-src=\"https:\/\/www.europesays.com\/at\/wp-content\/uploads\/2026\/08\/img-HhDCNkmbMXsenJH4.jpeg\" data-teaser-member=\"image\" alt=\"op 2026 Klostermarienberg Apfelernte\"\/><\/p>\n<p>\n                Der Pr\u00e4sident des Burgenl\u00e4ndischen  Obstbauverbandes, Johann Plemenschits, und Landwirtschaftskammer-Pr\u00e4sident Nikolaus Berlakovich appellieren an die Konsumentinnen und Konsumenten regionales Obst zu kaufen und die heimischen Obstbauern zu unterst\u00fctzen.            <\/p>\n<p>\n                Foto:<br \/>\n                Elisabeth Tritremmel                            <\/p>\n<p>\n        Die vor Kurzem gestartete Apfelernte steht heuer  unter schwierigen Bedingungen.      <\/p>\n<p> Die extreme Trockenheit und die langanhaltende Hitze haben die Entwicklung der \u00c4pfel massiv beeintr\u00e4chtigt. Im Burgenland wird bei \u00c4pfeln mit Ernteausf\u00e4llen von bis zu 30 Prozent gerechnet. Besonders problematisch f\u00fcr die Bauern ist, dass viele Fr\u00fcchte aufgrund des Wassermangels nicht jene Gr\u00f6\u00dfe erreichen, die f\u00fcr die Vermarktung als Tafelobst im Handel erforderlich ist. \u201eDas heurige Jahr ist auch f\u00fcr unsere Obstb\u00e4uerinnen und Obstbauern eine enorme Herausforderung. Die Kombination aus extremer Trockenheit und Hitze hat den B\u00e4umen zugesetzt wie selten zuvor. Bei manchen Betrieben fehlt ein Teil der Ernte, bei anderen sind die \u00c4pfel schlicht zu klein, um die Anforderungen des Handels zu erf\u00fcllen\u201c, so Landwirtschaftskammer-Pr\u00e4sident Nikolaus Berlakovich.<\/p>\n","protected":false},"excerpt":{"rendered":"Der Pr\u00e4sident des Burgenl\u00e4ndischen Obstbauverbandes, Johann Plemenschits, und Landwirtschaftskammer-Pr\u00e4sident Nikolaus Berlakovich appellieren an die Konsumentinnen und Konsumenten regionales&hellip;\n","protected":false},"author":2,"featured_media":360340,"comment_status":"","ping_status":"","sticky":false,"template":"","format":"standard","meta":{"footnotes":"","_share_on_mastodon":"0"},"categories":[6],"tags":[396,317,91089,46,42,643,91091,4730,91090,44,43,45],"class_list":["post-360339","post","type-post","status-publish","format-standard","has-post-thumbnail","category-oesterreich","tag-_slideshow","tag-317","tag-apfelernte","tag-at","tag-austria","tag-burgenland","tag-klostermarienberg","tag-landwirtschaftskammer","tag-obstbauverband","tag-oesterreich","tag-republic-of-austria","tag-republik-oesterreich"],"share_on_mastodon":{"url":"https:\/\/pubeurope.com\/@at\/117169737887234462","error":""},"_links":{"self":[{"href":"https:\/\/www.europesays.com\/at\/wp-json\/wp\/v2\/posts\/360339","targetHints":{"allow":["GET"]}}],"collection":[{"href":"https:\/\/www.europesays.com\/at\/wp-json\/wp\/v2\/posts"}],"about":[{"href":"https:\/\/www.europesays.com\/at\/wp-json\/wp\/v2\/types\/post"}],"author":[{"embeddable":true,"href":"https:\/\/www.europesays.com\/at\/wp-json\/wp\/v2\/users\/2"}],"replies":[{"embeddable":true,"href":"https:\/\/www.europesays.com\/at\/wp-json\/wp\/v2\/comments?post=360339"}],"version-history":[{"count":0,"href":"https:\/\/www.europesays.com\/at\/wp-json\/wp\/v2\/posts\/360339\/revisions"}],"wp:featuredmedia":[{"embeddable":true,"href":"https:\/\/www.europesays.com\/at\/wp-json\/wp\/v2\/media\/360340"}],"wp:attachment":[{"href":"https:\/\/www.europesays.com\/at\/wp-json\/wp\/v2\/media?parent=360339"}],"wp:term":[{"taxonomy":"category","embeddable":true,"href":"https:\/\/www.europesays.com\/at\/wp-json\/wp\/v2\/categories?post=360339"},{"taxonomy":"post_tag","embeddable":true,"href":"https:\/\/www.europesays.com\/at\/wp-json\/wp\/v2\/tags?post=360339"}],"curies":[{"name":"wp","href":"https:\/\/api.w.org\/{rel}","templated":true}]}}