{"id":360375,"date":"2026-08-27T22:37:08","date_gmt":"2026-08-27T22:37:08","guid":{"rendered":"https:\/\/www.europesays.com\/at\/360375\/"},"modified":"2026-08-27T22:37:08","modified_gmt":"2026-08-27T22:37:08","slug":"die-woelfe-zu-gast-in-liebenau-und-eine-premiere-fuer-gerald-scheiblehner","status":"publish","type":"post","link":"https:\/\/www.europesays.com\/at\/360375\/","title":{"rendered":"Die \u201eW\u00f6lfe\u201c zu Gast in Liebenau und eine Premiere f\u00fcr Gerald Scheiblehner"},"content":{"rendered":"<p>Wenn sich am Samstagnachmittag die Tore zum Stadion Liebenau \u00f6ffnen und die Sonne tief \u00fcber dem Stadion steht, liegt dieser ganz besondere Geruch in der Luft: Ein Gemisch aus frisch gem\u00e4htem Gr\u00fcn, k\u00fchlem Bier und purer Vorfreude. Es ist 17:00 Uhr, beste Anpfiff-Zeit, das zweite Heimspiel der noch jungen Saison steht auf dem Programn, der GAK 1902 spielt gegen den RZ Pellets WAC \u2013 und es bringt eine entscheidende Premiere mit sich: Gerald Scheiblehner wird erstmals als Cheftrainer der Athletiker an der Seitenlinie stehen.<\/p>\n<p>Unser Neo-Coach hatte zwar noch nicht wahnsinnig viel Zeit mit der Mannschaft, eines ist in den ersten Trainingseinheiten aber klar geworden: Gerald Scheiblehner geht es darum, die Tugenden auf den Rasen zu bringen, die den GAK \u00a0immer stark gemacht haben: Kompaktheit, Leidenschaft und ein unbeugsamer Wille, um jeden Grashalm zu fighten.<\/p>\n<p>GAK VS. WAC: Reibung, Spektakel und ein wichtiger Richtwert<\/p>\n<p>Die j\u00fcngste Geschichte lieferte reichlich Anschauungsmaterial: Vom turbulenten 3:4-Torspektakel in Liebenau bis hin zum umk\u00e4mpften 2:0 Heimsieg war spielerisch alles dabei. Dieses letzte Heimspiel im vergangenen Fr\u00fchjahr lieferte einen ma\u00dfgeblichen Orientierungspunkt f\u00fcr Samstag: Genau an diese Kompromisslosigkeit soll angekn\u00fcpft werden. Eine Partie f\u00fcr die rot-wei\u00dfe Seele soll es werden \u2013 nach kr\u00e4ftezerrenden Wochen. Genau diesen Geist aus der Vergangenheit, dieses Kompromisslose soll Liebenau auch an diesem Samstagnachmittag wieder sp\u00fcren.<\/p>\n<p>Personalsituation: Trummer fehlt weiterhin, Italiano zur\u00fcck auf der Bank<\/p>\n<p>In personeller Hinsicht gibt es vor dem Match zwei wesentliche Personalien zu vermelden. Tim Trummer steht weiterhin nicht zur Verf\u00fcgung. Der Au\u00dfenbahnspieler laboriert nach wie vor an seiner Verletzung und bei\u00dft sich durch die Reha.<\/p>\n<p>Erfreulichere Nachrichten gibt es von Jacob Italiano: Er st\u00f6\u00dft wieder zum Kader. Hinter dem 25-j\u00e4hrigen Australier liegen intensive Monate: Im Sommer vertrat er seine Heimat auf der gr\u00f6\u00dften internationalen B\u00fchne und stand bei der WM 2026 in den ersten beiden Gruppenspielen f\u00fcr die Socceroos in der Startelf. Nach dem Auskurieren einer Muskelverletzung aus dem Turnier ist Italiano wieder einsatzf\u00e4hig und zur\u00fcck im Mannschaftstraining.<\/p>\n<p>\u201eIch bin mir ganz sicher, dass wir bis Samstag so eine gute Energie hinbringen, dass einfach alle das Gef\u00fchl haben, da gibt\u2019s eine Mannschaft, die um jeden Preis das Spiel gewinnen will. Um jeden Preis. Und das ist das Ziel in der Woche. Um nichts anderes geht es.\u201c<\/p>\n<p>\u2014 Cheftrainer Gerald Scheiblehner<\/p>\n<p>Auf nach Liebenau \u2013 sichern wir uns die n\u00e4chsten drei Punkte<\/p>\n<p>Die Voraussetzungen f\u00fcr einen packenden Samstagnachmittag sind geschaffen. Gegen einen spielstarken Gegner aus K\u00e4rnten wird es nicht nur auf die richtige Taktik ankommen, sondern vor allem auf jene Grundwerte, die Trainer Gerald Scheiblehner in der kurzen Vorbereitungszeit eingefordert hat: unbedingter Einsatz, geschlossener Zusammenhalt und der Mut, das Heft des Handelns selbst in die Hand zu nehmen. Acht Heimspiele ohne Niederlage sind ein klares Statement. Nun gilt es, die Serie beim Deb\u00fct von Gerald Scheiblehner auf neun Partien auszubauen. Sichert euch eure Tickets <a target=\"_blank\" rel=\"noopener noreferrer nofollow\" href=\"https:\/\/www.grazerak.at\/saison\/tageskarte\">im Online-Ticketshop<\/a> oder an der Tageskasse und unterst\u00fctzt die Roten am Samstagnachmittag direkt vor Ort im Stadion Liebenau! WE ARE GAK!<\/p>\n","protected":false},"excerpt":{"rendered":"Wenn sich am Samstagnachmittag die Tore zum Stadion Liebenau \u00f6ffnen und die Sonne tief \u00fcber dem Stadion steht,&hellip;\n","protected":false},"author":2,"featured_media":360376,"comment_status":"","ping_status":"","sticky":false,"template":"","format":"standard","meta":{"footnotes":"","_share_on_mastodon":"0"},"categories":[18],"tags":[46,42,115,113,110,112,111,114,44,109,108,116],"class_list":["post-360375","post","type-post","status-publish","format-standard","has-post-thumbnail","category-sport","tag-at","tag-austria","tag-fussball-graz","tag-gac","tag-gak","tag-gak-1902","tag-grazer-ak","tag-grazer-athletiksport-klub","tag-oesterreich","tag-sport","tag-sports","tag-steiermark"],"share_on_mastodon":{"url":"https:\/\/pubeurope.com\/@at\/117169870785560153","error":""},"_links":{"self":[{"href":"https:\/\/www.europesays.com\/at\/wp-json\/wp\/v2\/posts\/360375","targetHints":{"allow":["GET"]}}],"collection":[{"href":"https:\/\/www.europesays.com\/at\/wp-json\/wp\/v2\/posts"}],"about":[{"href":"https:\/\/www.europesays.com\/at\/wp-json\/wp\/v2\/types\/post"}],"author":[{"embeddable":true,"href":"https:\/\/www.europesays.com\/at\/wp-json\/wp\/v2\/users\/2"}],"replies":[{"embeddable":true,"href":"https:\/\/www.europesays.com\/at\/wp-json\/wp\/v2\/comments?post=360375"}],"version-history":[{"count":0,"href":"https:\/\/www.europesays.com\/at\/wp-json\/wp\/v2\/posts\/360375\/revisions"}],"wp:featuredmedia":[{"embeddable":true,"href":"https:\/\/www.europesays.com\/at\/wp-json\/wp\/v2\/media\/360376"}],"wp:attachment":[{"href":"https:\/\/www.europesays.com\/at\/wp-json\/wp\/v2\/media?parent=360375"}],"wp:term":[{"taxonomy":"category","embeddable":true,"href":"https:\/\/www.europesays.com\/at\/wp-json\/wp\/v2\/categories?post=360375"},{"taxonomy":"post_tag","embeddable":true,"href":"https:\/\/www.europesays.com\/at\/wp-json\/wp\/v2\/tags?post=360375"}],"curies":[{"name":"wp","href":"https:\/\/api.w.org\/{rel}","templated":true}]}}