{"id":360441,"date":"2026-08-27T23:23:13","date_gmt":"2026-08-27T23:23:13","guid":{"rendered":"https:\/\/www.europesays.com\/at\/360441\/"},"modified":"2026-08-27T23:23:13","modified_gmt":"2026-08-27T23:23:13","slug":"fc-salzburg-nach-sieg-ueber-mjaellby-sehr-erwachsene-defensive-leistung-video","status":"publish","type":"post","link":"https:\/\/www.europesays.com\/at\/360441\/","title":{"rendered":"FC Salzburg nach Sieg \u00fcber Mj\u00e4llby: \u201eSehr erwachsene defensive Leistung&#8220; [Video]"},"content":{"rendered":"<p> <img decoding=\"async\" src=\"https:\/\/www.europesays.com\/at\/wp-content\/uploads\/2026\/08\/1787872990_31_at-salzburg-fc.png\" alt=\"\"\/><br \/>\n <img decoding=\"async\" src=\"https:\/\/www.europesays.com\/at\/wp-content\/uploads\/2026\/08\/1787872992_299_club-3636-large.png\" alt=\"\"\/> <\/p>\n<p>Der <a href=\"https:\/\/ticker.ligaportal.at\/mannschaft\/1729\/red-bull-salzburg\" rel=\"nofollow noopener\" target=\"_blank\">FC Salzburg<\/a>\u00a0hat den Einzug in die Ligaphase der UEFA Europa League souver\u00e4n fixiert. Gegen den schwedischen Meister Mj\u00e4llby AIF setzten sich die Roten Bullen am Donnerstag vor heimischem Publikum mit 3:0 durch und lie\u00dfen damit nach dem 1:0-Erfolg im Hinspiel keine Zweifel am Weiterkommen aufkommen.\u00a0Damit nehmen die Mozartst\u00e4dter bereits zum 13. Mal an der Europa League teil. In der Ligaphase trifft der \u00f6sterreichische Vertreter dabei auf insgesamt 35 weitere qualifizierte Mannschaften. Auch <a href=\"https:\/\/ticker.ligaportal.at\/mannschaft\/1715\/sk-sturm-graz\" rel=\"nofollow noopener\" target=\"_blank\">Sturm Graz <\/a>geh\u00f6rt zum Feld der 36 Teams. Nachfolgend SALZBURGER STATEMENTS!<\/p>\n<p><img decoding=\"async\" src=\"https:\/\/www.europesays.com\/at\/wp-content\/uploads\/2026\/08\/tabakovic-tor-fc-salzburg-vs-mjaellby-27-08-26-rbs-getty-pumann.jpg\" alt=\"\"\/><\/p>\n<p>Haris Tabakovi\u0107 setzte mit seinem Treffer den Schlusspunkt zum 3:0-Endstand.\u00a0<\/p>\n<p>\u201eWir hatten schon gemerkt, in der 60. Minute werden die Gegner m\u00fcder und die R\u00e4ume gehen auf&#8220;<br \/>\n&#13;<\/p>\n<p>Danny R\u00f6hl\u00a0(FC Salzburg-Trainer):<\/p>\n<p>&#13;<\/p>\n<p>\u201eSo eine Qualifikation ist nicht einfach. Im Hinspiel waren wir nicht in allen Phasen souver\u00e4n, heute haben wir das deutlich besser gemacht \u2013 auch wenn wir uns in der ersten H\u00e4lfte nicht so viele klare Torchancen erspielt haben, da sind wir ehrlich. <\/p>\n<p>&#13;<\/p>\n<p>Wir hatten schon gemerkt, in der 60. Minute werden die Gegner m\u00fcder und die R\u00e4ume gehen auf. Aber das muss man auch nutzen. Das haben wir dann hervorragend gemacht. Es war eine sehr erwachsene defensive Leistung. Das ist eine gro\u00dfe St\u00e4rke aktuell. Es gef\u00e4llt mir sehr gut, dass wir sehr konsequent vorw\u00e4rts verteidigen.\u201c<\/p>\n<p>&#13;<\/p>\n<p>&#13;<br \/>\n\u201eWir haben echt nicht viele Chancen zugelassen&#8220;&#13;<\/p>\n<p>&#13;<\/p>\n<p>Valentin Zabransky\u00a0(FC Salzburg-Innenverteidiger):<\/p>\n<p>&#13;<\/p>\n<p>\u201eIch glaube, wir haben echt nicht viele Chancen zugelassen. Das zeichnet uns aus. Wir haben jetzt schon viele Spiele bewiesen, dass wir, wenn wir hinten zu null spielen, die Spiele gewinnen. Dass wir vorne die Tore machen, dass wir vorne die Qualit\u00e4t haben. <\/p>\n<p>&#13;<\/p>\n<p>Die ganze Mannschaft hat das super gemacht. Ich sammle Erfahrungen, ich genie\u00dfe es, und es macht unheimlich Spa\u00df. Jetzt bin ich froh, dass wir es in die Europa League geschafft haben.\u201c<\/p>\n<p>&#13;<\/p>\n<p><img decoding=\"async\" src=\"https:\/\/www.europesays.com\/at\/wp-content\/uploads\/2026\/08\/veratschnig-fc-salzburg-vs-mjaellby-27-08-26-rbs-getty-pumann.jpg\" alt=\"\"\/><\/p>\n<p>&#13;<\/p>\n<p>Kapit\u00e4n Nikolas Veratschnig und die Roten Bullen bleiben bewerbs\u00fcbergreifend in der neuen Saison auch nach acht Spielen (6S, 2U) unbesiegt und im Europacup zum dritten Mal ohne Gegentor.<\/p>\n<p>&#13;<br \/>\n&#13;<br \/>\n\u201eWir haben es souver\u00e4n zu Ende gespielt&#8220;&#13;<br \/>\n&#13;<br \/>\n&#13;<\/p>\n<p>Nikolas Veratschnig\u00a0(FC Salzburg-Kapit\u00e4n):<\/p>\n<p>&#13;<\/p>\n<p>\u201eIch finde es gut, dass wir es die zweite Halbzeit endlich einmal geschafft haben, durchzukommen. Das haben wir oft \u00fcber 90 Minuten nicht geschafft. Im Endeffekt haben wir drei Tore gemacht heute, genau das ist unser Anspruch. <\/p>\n<p>&#13;<\/p>\n<p>Das erste Mal Europa League f\u00fcr viele in der Mannschaft. Wir freuen uns wirklich, das war unser gro\u00dfes Ziel. Wir haben es souver\u00e4n zu Ende gespielt. Wir sind jetzt richtig gl\u00fccklich.\u201c<\/p>\n<p>&#13;<br \/>\n\u201eIch bin okay und bereit f\u00fcr Sonntag&#8220;&#13;<\/p>\n<p>Karim Konat\u00e9 (FC Salzburg-Doppeltorsch\u00fctze):\u00a0<\/p>\n<p>&#13;<\/p>\n<p>\u201eWir sind alle sehr gl\u00fccklich. Wir wollen gegen die besten Mannschaften spielen. Wir sind bereit f\u00fcr die Europa League. Der Trainer hat gesagt, wir m\u00fcssen geduldig bleiben. Das haben wir umgesetzt. Okay, ich bin der Matchwinner, aber wichtig sind mir die zwei Tore f\u00fcr die Mannschaft. <\/p>\n<p>&#13;<\/p>\n<p>Beim ersten Tor habe ich den Abpraller optimal genutzt, beim zweiten Tor war auch Gl\u00fcck dabei.\u201c <\/p>\n<p>&#13;<\/p>\n<p>Zu einer m\u00f6glichen Verletzung, von der nach Spielende gar nichts mehr zu sehen war: \u201eIch bin okay und bereit f\u00fcr Sonntag.\u201c<\/p>\n<p>&#13;<br \/>\n&#13;<br \/>\n&#13;<\/p>\n<p>Siehe auch:<\/p>\n<p class=\"mt-0 mb-1 text-darkblue\" itemprop=\"headline\"><a class=\"text-darkblue\" href=\"https:\/\/www.ligaportal.at\/international\/europa-league\/93368-europa-league-torjaeger-konate-tabakovic-schiessen-den-fc-salzburg-zum-aufstieg\" rel=\"nofollow noopener\" target=\"_blank\">Europa League: Torj\u00e4ger Konate &amp; Tabakovic schie\u00dfen den FC Salzburg zum Aufstieg<\/a><\/p>\n<p class=\"mt-0 mb-1 text-darkblue\" itemprop=\"headline\"><a class=\"text-darkblue\" href=\"https:\/\/www.ligaportal.at\/international\/europa-league\/93375-sk-sturm-graz-und-fc-salzburg-wissenswertes-zur-europa-league-2026-27\" rel=\"nofollow noopener\" target=\"_blank\">SK Sturm Graz und FC Salzburg: Wissenswertes zur Europa League 2026\/27<\/a><\/p>\n<p>SPIELFILM im\u00a0<a href=\"https:\/\/ticker.ligaportal.at\/live-ticker\/1310150\/red-bull-salzburg-gegen-mjaellby-aif\" rel=\"nofollow noopener\" target=\"_blank\">Ligaportal-LIVETICKER<\/a><\/p>\n<p>Statement-Quelle: ORF<\/p>\n<p>Fotocredit:\u00a0 RBS by Getty\u00a0<\/p>\n","protected":false},"excerpt":{"rendered":"Der FC Salzburg\u00a0hat den Einzug in die Ligaphase der UEFA Europa League souver\u00e4n fixiert. Gegen den schwedischen Meister&hellip;\n","protected":false},"author":2,"featured_media":360442,"comment_status":"","ping_status":"","sticky":false,"template":"","format":"standard","meta":{"footnotes":"","_share_on_mastodon":"0"},"categories":[31],"tags":[46,42,61128,4939,81393,44,192,1157],"class_list":["post-360441","post","type-post","status-publish","format-standard","has-post-thumbnail","category-salzburg","tag-at","tag-austria","tag-danny-roehl","tag-fc-salzburg","tag-mjaellby-aif","tag-oesterreich","tag-salzburg","tag-uefa-europa-league"],"share_on_mastodon":{"url":"https:\/\/pubeurope.com\/@at\/117170052165590114","error":""},"_links":{"self":[{"href":"https:\/\/www.europesays.com\/at\/wp-json\/wp\/v2\/posts\/360441","targetHints":{"allow":["GET"]}}],"collection":[{"href":"https:\/\/www.europesays.com\/at\/wp-json\/wp\/v2\/posts"}],"about":[{"href":"https:\/\/www.europesays.com\/at\/wp-json\/wp\/v2\/types\/post"}],"author":[{"embeddable":true,"href":"https:\/\/www.europesays.com\/at\/wp-json\/wp\/v2\/users\/2"}],"replies":[{"embeddable":true,"href":"https:\/\/www.europesays.com\/at\/wp-json\/wp\/v2\/comments?post=360441"}],"version-history":[{"count":0,"href":"https:\/\/www.europesays.com\/at\/wp-json\/wp\/v2\/posts\/360441\/revisions"}],"wp:featuredmedia":[{"embeddable":true,"href":"https:\/\/www.europesays.com\/at\/wp-json\/wp\/v2\/media\/360442"}],"wp:attachment":[{"href":"https:\/\/www.europesays.com\/at\/wp-json\/wp\/v2\/media?parent=360441"}],"wp:term":[{"taxonomy":"category","embeddable":true,"href":"https:\/\/www.europesays.com\/at\/wp-json\/wp\/v2\/categories?post=360441"},{"taxonomy":"post_tag","embeddable":true,"href":"https:\/\/www.europesays.com\/at\/wp-json\/wp\/v2\/tags?post=360441"}],"curies":[{"name":"wp","href":"https:\/\/api.w.org\/{rel}","templated":true}]}}